{"id":68586,"date":"2026-04-28T17:03:34","date_gmt":"2026-04-28T21:03:34","guid":{"rendered":"https:\/\/www.radiosanctispiritus.cu\/es\/?p=68586"},"modified":"2026-04-28T18:11:32","modified_gmt":"2026-04-28T22:11:32","slug":"trinidad-rinde-tributo-a-alberto-delgado-en-el-aniversario-de-su-asesinato","status":"publish","type":"post","link":"https:\/\/www.radiosanctispiritus.cu\/es\/trinidad-rinde-tributo-a-alberto-delgado-en-el-aniversario-de-su-asesinato\/","title":{"rendered":"Trinidad rinde tributo a Alberto Delgado en el aniversario de su asesinato"},"content":{"rendered":"<p>En el aniversario 62 de su vil asesinato el 29 de abril de 1964 por elementos contrarrevolucionarios financiados por la CIA, se rindi\u00f3 tributo en Trinidad a Alberto Delgado Delgado, agente El Enano de la Seguridad del Estado, cuya labor fue decisiva para la desactivaci\u00f3n de las bandas de alzados durante la lucha contra bandidos.<\/p>\n<p>Combatientes del Ministerio del Interior, trabajadores de varios sectores y autoridades del municipio, en el monumento que perpet\u00faa su memoria, ratificaron el compromiso del pueblo cubano de defender su Revoluci\u00f3n ante las amenazas del imperio yanqui.<\/p>\n<p>En el acto, presidido por William Rodr\u00edguez Turi\u00f1o, miembro del Comit\u00e9 Municipal del Partido y su primer secretario en Trinidad, Tania Guti\u00e9rrez Fontanil, presidenta de la Asamblea Municipal del Poder Popular, Ernesto Borges Medina, intendente municipal, entre otros dirigentes, se resaltaron los valores del agente, el coraje con el que se enfrent\u00f3 solo los bandidos, sus fuertes convicciones y audacia, que lo convierten en ejemplo de las nuevas generaciones de combatientes.<\/p>\n<p>En nombre de los j\u00f3venes del Ministerio del Interior y como palabras centrales del homenaje, la subteniente Mar\u00eda Carla Chaviano Rodr\u00edguez se refiri\u00f3 al orgullo de ser parte de una generaci\u00f3n que sigue el ejemplo de Alberto y defiende la soberan\u00eda de Cuba, a la vez que ratific\u00f3 el compromiso de continuar con firmeza, convicci\u00f3n y dignidad el cumplimiento de sus misiones.<\/p>\n<p><iframe src=\"https:\/\/www.ivoox.com\/player_ej_172743102_6_1.html?c1=7a0d0b\" width=\"100%\" height=\"200\" frameborder=\"0\" scrolling=\"no\" allowfullscreen=\"allowfullscreen\"><\/iframe><\/p>\n","protected":false},"excerpt":{"rendered":"<p>En el aniversario 62 de su vil asesinato el 29 de abril de 1964 por elementos contrarrevolucionarios financiados por la CIA, se rindi\u00f3 tributo en Trinidad a Alberto Delgado Delgado, agente El Enano de la Seguridad del Estado, cuya labor fue decisiva para la desactivaci\u00f3n de las bandas de alzados durante la lucha contra bandidos.<\/p>\n","protected":false},"author":196,"featured_media":25962,"comment_status":"open","ping_status":"open","sticky":false,"template":"","format":"standard","meta":{"_acf_changed":false,"footnotes":""},"categories":[8,9,1],"tags":[510,213,2328,1136,54],"coauthors":[2092],"class_list":["post-68586","post","type-post","status-publish","format-standard","has-post-thumbnail","hentry","category-noticia","category-en-audio","category-sancti-spiritus","tag-historia","tag-minint","tag-ministerio-ddel-interior","tag-seguridad-del-estado","tag-trinidad-de-cuba"],"acf":[],"_links":{"self":[{"href":"https:\/\/www.radiosanctispiritus.cu\/es\/wp-json\/wp\/v2\/posts\/68586","targetHints":{"allow":["GET"]}}],"collection":[{"href":"https:\/\/www.radiosanctispiritus.cu\/es\/wp-json\/wp\/v2\/posts"}],"about":[{"href":"https:\/\/www.radiosanctispiritus.cu\/es\/wp-json\/wp\/v2\/types\/post"}],"author":[{"embeddable":true,"href":"https:\/\/www.radiosanctispiritus.cu\/es\/wp-json\/wp\/v2\/users\/196"}],"replies":[{"embeddable":true,"href":"https:\/\/www.radiosanctispiritus.cu\/es\/wp-json\/wp\/v2\/comments?post=68586"}],"version-history":[{"count":2,"href":"https:\/\/www.radiosanctispiritus.cu\/es\/wp-json\/wp\/v2\/posts\/68586\/revisions"}],"predecessor-version":[{"id":68588,"href":"https:\/\/www.radiosanctispiritus.cu\/es\/wp-json\/wp\/v2\/posts\/68586\/revisions\/68588"}],"wp:featuredmedia":[{"embeddable":true,"href":"https:\/\/www.radiosanctispiritus.cu\/es\/wp-json\/wp\/v2\/media\/25962"}],"wp:attachment":[{"href":"https:\/\/www.radiosanctispiritus.cu\/es\/wp-json\/wp\/v2\/media?parent=68586"}],"wp:term":[{"taxonomy":"category","embeddable":true,"href":"https:\/\/www.radiosanctispiritus.cu\/es\/wp-json\/wp\/v2\/categories?post=68586"},{"taxonomy":"post_tag","embeddable":true,"href":"https:\/\/www.radiosanctispiritus.cu\/es\/wp-json\/wp\/v2\/tags?post=68586"},{"taxonomy":"author","embeddable":true,"href":"https:\/\/www.radiosanctispiritus.cu\/es\/wp-json\/wp\/v2\/coauthors?post=68586"}],"curies":[{"name":"wp","href":"https:\/\/api.w.org\/{rel}","templated":true}]}}