{"id":68575,"date":"2026-04-29T05:27:36","date_gmt":"2026-04-29T09:27:36","guid":{"rendered":"https:\/\/www.radiosanctispiritus.cu\/es\/?p=68575"},"modified":"2026-04-28T17:53:20","modified_gmt":"2026-04-28T21:53:20","slug":"firmar-hoy-por-la-patria-es-firmar-por-el-futuro","status":"publish","type":"post","link":"https:\/\/www.radiosanctispiritus.cu\/es\/firmar-hoy-por-la-patria-es-firmar-por-el-futuro\/","title":{"rendered":"Firmar hoy por la Patria es firmar por el futuro"},"content":{"rendered":"<p>Conscientes de su responsabilidad social, representantes de la sociedad civil del sector cultural de Sancti Sp\u00edritus se dieron cita en la sede del Comit\u00e9 Provincial de la Uni\u00f3n de Escritores y Artistas de Cuba (Uneac) para dejar constancia de su apoyo a esta naci\u00f3n.<\/p>\n<p>Miembros y trabajadores del propio Comit\u00e9 que agrupa a la vanguardia art\u00edstica, as\u00ed como las filiales espirituanas de la Asociaci\u00f3n Hermanos Sa\u00edz (AHS) y la Sociedad Cultural Jos\u00e9 Mart\u00ed, protagonizaron la muestra de apoyo a la soberan\u00eda de la isla.<\/p>\n<p>\u00abYo creo que somos representantes por esencia, por nacimiento, por lo que representamos dentro de Cuba y en representaci\u00f3n de los artistas, escritores, intelectuales de este pa\u00eds. Somos defensores de la Revoluci\u00f3n y tenemos un compromiso t\u00e1cito con la construcci\u00f3n de un pa\u00eds socialista, de una revoluci\u00f3n socialista, desde el nacimiento mismo del triunfo de 1959\u00bb, declar\u00f3 Carlo Figueroa, presidente de la Uneac, en Sancti Sp\u00edritus.<\/p>\n<p>\u00abPor lo tanto, la firma representa seguir con nuestra meta y seguir apoyando justamente que Cuba mantenga su soberan\u00eda, su independencia, su libertad. Que no seamos objeto de agresi\u00f3n, que no seamos objeto de ning\u00fan tipo de ataque. Este es un pa\u00eds de paz. Es un pa\u00eds que siempre ha sido garante de la paz del continente latinoamericano, de la paz mundial. Y yo creo que eso nos tiene que dar tambi\u00e9n una visi\u00f3n de qu\u00e9 es lo que queremos. Firmar hoy por la patria es firmar por el futuro de las generaciones de cubanos y cubanas\u00bb.<\/p>\n<p>En representaci\u00f3n de los creadores m\u00e1s j\u00f3venes, Lil Laura Castillo insisti\u00f3 que es un deber dejar constancia de su apoyo al proyecto social de la naci\u00f3n que les permite subir a todos los escenarios sus propuestas art\u00edsticas. \u00abNosotros somos la vanguardia, nosotros somos el futuro, nosotros somos lo que viene despu\u00e9s y es importante que los j\u00f3venes estemos tambi\u00e9n presentes\u00bb.<\/p>\n<p>En el encuentro se record\u00f3 que es un a\u00f1o trascendental para Cuba y todos sus hijos por acontecer importantes aniversarios relevantes: el centenario del Comandante en Jefe Fidel Castro, los 65 a\u00f1os de la UNEAC y las cuatro d\u00e9cadas de la AHS.<\/p>\n<p><iframe src=\"https:\/\/www.ivoox.com\/player_ej_172737169_6_1.html?c1=7a0d0b\" width=\"100%\" height=\"200\" frameborder=\"0\" scrolling=\"no\" allowfullscreen=\"allowfullscreen\"><\/iframe><\/p>\n","protected":false},"excerpt":{"rendered":"<p>Conscientes de su responsabilidad social, representantes de la sociedad civil del sector cultural de Sancti Sp\u00edritus se dieron cita en la sede del Comit\u00e9 Provincial de la Uni\u00f3n de Escritores y Artistas de Cuba para dejar constancia de su apoyo a esta naci\u00f3n.<\/p>\n","protected":false},"author":12,"featured_media":68585,"comment_status":"open","ping_status":"open","sticky":false,"template":"","format":"standard","meta":{"_acf_changed":false,"footnotes":""},"categories":[8,6,9,1],"tags":[842,360,439,425],"coauthors":[1864],"class_list":["post-68575","post","type-post","status-publish","format-standard","has-post-thumbnail","hentry","category-noticia","category-cultura","category-en-audio","category-sancti-spiritus","tag-ahs","tag-cultura-espirituana","tag-sociedad-cultural-jose-marti","tag-uneac"],"acf":[],"_links":{"self":[{"href":"https:\/\/www.radiosanctispiritus.cu\/es\/wp-json\/wp\/v2\/posts\/68575","targetHints":{"allow":["GET"]}}],"collection":[{"href":"https:\/\/www.radiosanctispiritus.cu\/es\/wp-json\/wp\/v2\/posts"}],"about":[{"href":"https:\/\/www.radiosanctispiritus.cu\/es\/wp-json\/wp\/v2\/types\/post"}],"author":[{"embeddable":true,"href":"https:\/\/www.radiosanctispiritus.cu\/es\/wp-json\/wp\/v2\/users\/12"}],"replies":[{"embeddable":true,"href":"https:\/\/www.radiosanctispiritus.cu\/es\/wp-json\/wp\/v2\/comments?post=68575"}],"version-history":[{"count":2,"href":"https:\/\/www.radiosanctispiritus.cu\/es\/wp-json\/wp\/v2\/posts\/68575\/revisions"}],"predecessor-version":[{"id":68584,"href":"https:\/\/www.radiosanctispiritus.cu\/es\/wp-json\/wp\/v2\/posts\/68575\/revisions\/68584"}],"wp:featuredmedia":[{"embeddable":true,"href":"https:\/\/www.radiosanctispiritus.cu\/es\/wp-json\/wp\/v2\/media\/68585"}],"wp:attachment":[{"href":"https:\/\/www.radiosanctispiritus.cu\/es\/wp-json\/wp\/v2\/media?parent=68575"}],"wp:term":[{"taxonomy":"category","embeddable":true,"href":"https:\/\/www.radiosanctispiritus.cu\/es\/wp-json\/wp\/v2\/categories?post=68575"},{"taxonomy":"post_tag","embeddable":true,"href":"https:\/\/www.radiosanctispiritus.cu\/es\/wp-json\/wp\/v2\/tags?post=68575"},{"taxonomy":"author","embeddable":true,"href":"https:\/\/www.radiosanctispiritus.cu\/es\/wp-json\/wp\/v2\/coauthors?post=68575"}],"curies":[{"name":"wp","href":"https:\/\/api.w.org\/{rel}","templated":true}]}}