{"id":68567,"date":"2026-04-28T16:11:08","date_gmt":"2026-04-28T20:11:08","guid":{"rendered":"https:\/\/www.radiosanctispiritus.cu\/es\/?p=68567"},"modified":"2026-04-28T17:56:13","modified_gmt":"2026-04-28T21:56:13","slug":"sancti-spiritus-afina-detalles-para-un-primero-de-mayo-colorido-y-patriotico","status":"publish","type":"post","link":"https:\/\/www.radiosanctispiritus.cu\/es\/sancti-spiritus-afina-detalles-para-un-primero-de-mayo-colorido-y-patriotico\/","title":{"rendered":"Sancti Sp\u00edritus afina detalles para un Primero de Mayo colorido y patri\u00f3tico (+Fotos)"},"content":{"rendered":"<div class=\"ds-message _63c77b1\">\n<div class=\"ds-markdown\">\n<p class=\"ds-markdown-paragraph\">A ritmo de conga trinitaria, los trabajadores espirituanos enfatizaron durante la plenaria organizativa su disposici\u00f3n a desfilar el venidero Primero de Mayo, D\u00eda Internacional del Proletariado, en apoyo al socialismo y en defensa de la Patria.<\/p>\n<div id=\"attachment_68576\" style=\"width: 610px\" class=\"wp-caption aligncenter\"><img decoding=\"async\" aria-describedby=\"caption-attachment-68576\" class=\"size-medium wp-image-68576\" src=\"https:\/\/www.radiosanctispiritus.cu\/es\/wp-content\/uploads\/plenaria-2-600x398.jpg\" alt=\"El entusiasmo por la celebraci\u00f3n se multiplic\u00f3 entre los trabajadores. Foto. Oscar Alfonso Sosa.\" width=\"600\" height=\"398\" srcset=\"https:\/\/www.radiosanctispiritus.cu\/es\/wp-content\/uploads\/plenaria-2-600x398.jpg 600w, https:\/\/www.radiosanctispiritus.cu\/es\/wp-content\/uploads\/plenaria-2-1024x679.jpg 1024w, https:\/\/www.radiosanctispiritus.cu\/es\/wp-content\/uploads\/plenaria-2-768x509.jpg 768w, https:\/\/www.radiosanctispiritus.cu\/es\/wp-content\/uploads\/plenaria-2.jpg 1080w\" sizes=\"(max-width: 600px) 100vw, 600px\" \/><p id=\"caption-attachment-68576\" class=\"wp-caption-text\">El entusiasmo por la celebraci\u00f3n se multiplic\u00f3 entre los trabajadores. Foto. Oscar Alfonso Sosa.<\/p><\/div>\n<div id=\"attachment_68577\" style=\"width: 610px\" class=\"wp-caption aligncenter\"><img decoding=\"async\" aria-describedby=\"caption-attachment-68577\" class=\"size-medium wp-image-68577\" src=\"https:\/\/www.radiosanctispiritus.cu\/es\/wp-content\/uploads\/plenaria1-600x423.jpg\" alt=\"Momentos de la plenaria. Foto. Oscar Alfonso Sosa.\" width=\"600\" height=\"423\" srcset=\"https:\/\/www.radiosanctispiritus.cu\/es\/wp-content\/uploads\/plenaria1-600x423.jpg 600w, https:\/\/www.radiosanctispiritus.cu\/es\/wp-content\/uploads\/plenaria1-1024x722.jpg 1024w, https:\/\/www.radiosanctispiritus.cu\/es\/wp-content\/uploads\/plenaria1-768x542.jpg 768w, https:\/\/www.radiosanctispiritus.cu\/es\/wp-content\/uploads\/plenaria1.jpg 1080w\" sizes=\"(max-width: 600px) 100vw, 600px\" \/><p id=\"caption-attachment-68577\" class=\"wp-caption-text\">Momentos de la plenaria. Foto. Oscar Alfonso Sosa.<\/p><\/div>\n<div id=\"attachment_68578\" style=\"width: 610px\" class=\"wp-caption aligncenter\"><img decoding=\"async\" aria-describedby=\"caption-attachment-68578\" class=\"wp-image-68578 size-medium\" src=\"https:\/\/www.radiosanctispiritus.cu\/es\/wp-content\/uploads\/plenaria2-600x415.jpg\" alt=\"A la Patria se le defiende, ratificaron los trabajadores. Foto. Oscar Alfonso Sosa.\" width=\"600\" height=\"415\" srcset=\"https:\/\/www.radiosanctispiritus.cu\/es\/wp-content\/uploads\/plenaria2-600x415.jpg 600w, https:\/\/www.radiosanctispiritus.cu\/es\/wp-content\/uploads\/plenaria2-1024x708.jpg 1024w, https:\/\/www.radiosanctispiritus.cu\/es\/wp-content\/uploads\/plenaria2-768x531.jpg 768w, https:\/\/www.radiosanctispiritus.cu\/es\/wp-content\/uploads\/plenaria2.jpg 1080w\" sizes=\"(max-width: 600px) 100vw, 600px\" \/><p id=\"caption-attachment-68578\" class=\"wp-caption-text\">A la Patria se le defiende, ratificaron los trabajadores. Foto. Oscar Alfonso Sosa.<\/p><\/div>\n<div id=\"attachment_68579\" style=\"width: 610px\" class=\"wp-caption aligncenter\"><img decoding=\"async\" aria-describedby=\"caption-attachment-68579\" class=\"wp-image-68579 size-medium\" src=\"https:\/\/www.radiosanctispiritus.cu\/es\/wp-content\/uploads\/plenaria3-600x387.jpg\" alt=\"Todos los sindicatos se hicieron presentes. Foto. Oscar Alfonso Sosa.\" width=\"600\" height=\"387\" srcset=\"https:\/\/www.radiosanctispiritus.cu\/es\/wp-content\/uploads\/plenaria3-600x387.jpg 600w, https:\/\/www.radiosanctispiritus.cu\/es\/wp-content\/uploads\/plenaria3-1024x660.jpg 1024w, https:\/\/www.radiosanctispiritus.cu\/es\/wp-content\/uploads\/plenaria3-768x495.jpg 768w, https:\/\/www.radiosanctispiritus.cu\/es\/wp-content\/uploads\/plenaria3.jpg 1080w\" sizes=\"(max-width: 600px) 100vw, 600px\" \/><p id=\"caption-attachment-68579\" class=\"wp-caption-text\">Todos los sindicatos se hicieron presentes. Foto. Oscar Alfonso Sosa.<\/p><\/div>\n<div id=\"attachment_68580\" style=\"width: 610px\" class=\"wp-caption aligncenter\"><img decoding=\"async\" aria-describedby=\"caption-attachment-68580\" class=\"wp-image-68580 size-medium\" src=\"https:\/\/www.radiosanctispiritus.cu\/es\/wp-content\/uploads\/plenaria4-600x400.jpg\" alt=\"Momentos de la plenaria. Foto. Oscar Alfonso Sosa.\" width=\"600\" height=\"400\" srcset=\"https:\/\/www.radiosanctispiritus.cu\/es\/wp-content\/uploads\/plenaria4-600x400.jpg 600w, https:\/\/www.radiosanctispiritus.cu\/es\/wp-content\/uploads\/plenaria4-1024x683.jpg 1024w, https:\/\/www.radiosanctispiritus.cu\/es\/wp-content\/uploads\/plenaria4-768x512.jpg 768w, https:\/\/www.radiosanctispiritus.cu\/es\/wp-content\/uploads\/plenaria4.jpg 1080w\" sizes=\"(max-width: 600px) 100vw, 600px\" \/><p id=\"caption-attachment-68580\" class=\"wp-caption-text\">Momentos de la plenaria. Foto. Oscar Alfonso Sosa.<\/p><\/div>\n<div id=\"attachment_68581\" style=\"width: 610px\" class=\"wp-caption aligncenter\"><img decoding=\"async\" aria-describedby=\"caption-attachment-68581\" class=\"wp-image-68581 size-medium\" src=\"https:\/\/www.radiosanctispiritus.cu\/es\/wp-content\/uploads\/plenaria5-600x378.jpg\" alt=\"Momentos de la plenaria. Foto. Oscar Alfonso Sosa.\" width=\"600\" height=\"378\" srcset=\"https:\/\/www.radiosanctispiritus.cu\/es\/wp-content\/uploads\/plenaria5-600x378.jpg 600w, https:\/\/www.radiosanctispiritus.cu\/es\/wp-content\/uploads\/plenaria5-1024x646.jpg 1024w, https:\/\/www.radiosanctispiritus.cu\/es\/wp-content\/uploads\/plenaria5-768x484.jpg 768w, https:\/\/www.radiosanctispiritus.cu\/es\/wp-content\/uploads\/plenaria5.jpg 1080w\" sizes=\"(max-width: 600px) 100vw, 600px\" \/><p id=\"caption-attachment-68581\" class=\"wp-caption-text\">Momentos de la plenaria. Foto. Oscar Alfonso Sosa.<\/p><\/div>\n<p class=\"ds-markdown-paragraph\">En la actividad realizada en el Estadio Jos\u00e9 Antonio Huelga participaron el Bur\u00f3 Provincial del Partido, encabezado por su primera secretaria y miembro del Comit\u00e9 Central del Partido, Deivy P\u00e9rez Mart\u00edn; el Gobernador en la provincia, Alexis Lorente Jim\u00e9nez; y la tambi\u00e9n miembro del Comit\u00e9 Central del Partido y secretaria de la Central Obrera en el territorio, Ekaterina Gowen Dickinson. Estuvieron presentes, adem\u00e1s, sindicalistas y sus familias, as\u00ed como estudiantes de los diferentes niveles de ense\u00f1anza.<\/p>\n<p><iframe src=\"https:\/\/www.ivoox.com\/player_ej_172746235_6_1.html?c1=7a0d0b\" width=\"100%\" height=\"200\" frameborder=\"0\" scrolling=\"no\" allowfullscreen=\"allowfullscreen\"><\/iframe><\/p>\n<p class=\"ds-markdown-paragraph\">El evento tuvo como apertura las palabras de representantes de los sindicatos de la Salud, la Educaci\u00f3n, la Ciencia y el Deporte, donde ambos coincidieron en apostar por una marcha colorida en la que prime la uni\u00f3n y el respaldo incondicional a la Revoluci\u00f3n.<\/p>\n<p class=\"ds-markdown-paragraph\">La miembro del Comit\u00e9 Central y secretaria de la Central Obrera en la provincia, Ekaterina Gowen Dickinson, coment\u00f3 el orden que ocupar\u00e1n los sindicatos durante el tradicional desfile. Mencion\u00f3 que el bloque n\u00famero uno lo preside el colectivo laboral de la alimentaria y la pesca, y que la marcha culminar\u00e1 con los agropecuarios, quienes ya nos tienen acostumbrados a su pase con la caballeriza como mambises de estos tiempos.<\/p>\n<p class=\"ds-markdown-paragraph\">La l\u00edder sindical enfatiz\u00f3 que el Primero de Mayo llegar\u00e1 a las comunidades espirituanas con propuestas diversas y uso racional de los recursos. Por \u00faltimo, llam\u00f3 a la creatividad y a la defensa de la Patria ante los desaf\u00edos actuales, reafirmando la esencia patri\u00f3tica de los trabajadores de la tierra del Yayabo.<\/p>\n<\/div>\n<\/div>\n","protected":false},"excerpt":{"rendered":"<p>A ritmo de conga trinitaria, los trabajadores espirituanos enfatizaron durante la plenaria organizativa su disposici\u00f3n a desfilar el venidero Primero de Mayo, D\u00eda Internacional del Proletariado, en apoyo al socialismo y en defensa de la Patria.<\/p>\n","protected":false},"author":173,"featured_media":68570,"comment_status":"open","ping_status":"open","sticky":false,"template":"","format":"standard","meta":{"_acf_changed":false,"footnotes":""},"categories":[8,9,1],"tags":[],"coauthors":[1865,1884],"class_list":["post-68567","post","type-post","status-publish","format-standard","has-post-thumbnail","hentry","category-noticia","category-en-audio","category-sancti-spiritus"],"acf":[],"_links":{"self":[{"href":"https:\/\/www.radiosanctispiritus.cu\/es\/wp-json\/wp\/v2\/posts\/68567","targetHints":{"allow":["GET"]}}],"collection":[{"href":"https:\/\/www.radiosanctispiritus.cu\/es\/wp-json\/wp\/v2\/posts"}],"about":[{"href":"https:\/\/www.radiosanctispiritus.cu\/es\/wp-json\/wp\/v2\/types\/post"}],"author":[{"embeddable":true,"href":"https:\/\/www.radiosanctispiritus.cu\/es\/wp-json\/wp\/v2\/users\/173"}],"replies":[{"embeddable":true,"href":"https:\/\/www.radiosanctispiritus.cu\/es\/wp-json\/wp\/v2\/comments?post=68567"}],"version-history":[{"count":4,"href":"https:\/\/www.radiosanctispiritus.cu\/es\/wp-json\/wp\/v2\/posts\/68567\/revisions"}],"predecessor-version":[{"id":68582,"href":"https:\/\/www.radiosanctispiritus.cu\/es\/wp-json\/wp\/v2\/posts\/68567\/revisions\/68582"}],"wp:featuredmedia":[{"embeddable":true,"href":"https:\/\/www.radiosanctispiritus.cu\/es\/wp-json\/wp\/v2\/media\/68570"}],"wp:attachment":[{"href":"https:\/\/www.radiosanctispiritus.cu\/es\/wp-json\/wp\/v2\/media?parent=68567"}],"wp:term":[{"taxonomy":"category","embeddable":true,"href":"https:\/\/www.radiosanctispiritus.cu\/es\/wp-json\/wp\/v2\/categories?post=68567"},{"taxonomy":"post_tag","embeddable":true,"href":"https:\/\/www.radiosanctispiritus.cu\/es\/wp-json\/wp\/v2\/tags?post=68567"},{"taxonomy":"author","embeddable":true,"href":"https:\/\/www.radiosanctispiritus.cu\/es\/wp-json\/wp\/v2\/coauthors?post=68567"}],"curies":[{"name":"wp","href":"https:\/\/api.w.org\/{rel}","templated":true}]}}