{"id":68550,"date":"2026-04-28T19:05:32","date_gmt":"2026-04-28T23:05:32","guid":{"rendered":"https:\/\/www.radiosanctispiritus.cu\/es\/?p=68550"},"modified":"2026-04-28T15:36:29","modified_gmt":"2026-04-28T19:36:29","slug":"atm-sancti-spiritus-un-compromiso-humano-detras-de-cada-tarea","status":"publish","type":"post","link":"https:\/\/www.radiosanctispiritus.cu\/es\/atm-sancti-spiritus-un-compromiso-humano-detras-de-cada-tarea\/","title":{"rendered":"ATM Sancti Sp\u00edritus, un compromiso humano detr\u00e1s de cada tarea"},"content":{"rendered":"<p>En la provincia de Sancti Sp\u00edritus, una entidad del sector del comercio se levanta como s\u00edmbolo de resistencia y esperanza.<\/p>\n<p>La Empresa provincial de abastecimiento t\u00e9cnico material ATM se enorgullece con la condici\u00f3n de vanguardia nacional y con este m\u00e9rito se reconoce la fuerza de un colectivo que ha sabido transformar las dificultades en logros y las carencias en oportunidades.<\/p>\n<p>El colectivo de ATM, m\u00e1s que transportar materiales, abastece programas de la vivienda, acompa\u00f1a proyectos comunitarios y sostiene v\u00ednculos con cientos de actores econ\u00f3micos. Sus trabajadores como artesanos de la constancia mantienen viva una flota envejecida, demostrando que la creatividad puede vencer al tiempo.<\/p>\n<p>Sus resultados se perciben en las comunidades que ven levantarse nuevas viviendas, en los hospitales espirituanos que reciben su apoyo, en los ancianos que sienten compa\u00f1\u00eda y en las familias rurales que encuentran alivio en un piso digno. Cada logro econ\u00f3mico se convierte en historia humana. Cada cifra se traduce en confianza y bienestar del pueblo.<\/p>\n<p>La solidaridad ha sido su sello. ATM ha compartido lo que tiene con quienes m\u00e1s lo necesitan. Ha acompa\u00f1ado a campesinos en su labor. Ha brindado est\u00edmulos a sus trabajadores para que tambi\u00e9n ellos disfruten del fruto de su esfuerzo. En cada acci\u00f3n late la convicci\u00f3n de que prosperar es tambi\u00e9n compartir.<\/p>\n<p>Hoy, la empresa provincial de abastecimiento t\u00e9cnico material ATM de Sancti Spiritus enarbola la bandera de vanguardia nacional y reafirma que la verdadera grandeza est\u00e1 en la solidaridad que multiplica, en la creatividad que resiste y en la huella que deja en su pueblo.<\/p>\n<p>Convertirse en la \u00fanica entidad de comercio que mereci\u00f3 este a\u00f1o ese reconocimiento en este territorio no llega solo por cumplir un plan, sino por demostrar que detr\u00e1s de cada tarea existe un compromiso humano.<br \/>\n<iframe src=\"https:\/\/www.ivoox.com\/player_ej_172643835_6_1.html?c1=7a0d0b\" width=\"100%\" height=\"200\" frameborder=\"0\" scrolling=\"no\" allowfullscreen=\"allowfullscreen\"><\/iframe><\/p>\n","protected":false},"excerpt":{"rendered":"<p>En la provincia de Sancti Sp\u00edritus, una entidad del sector del comercio se levanta como s\u00edmbolo de resistencia y esperanza. La Empresa provincial de abastecimiento t\u00e9cnico material ATM se enorgullece con la condici\u00f3n de vanguardia nacional y con este m\u00e9rito se reconoce la fuerza de un colectivo que ha sabido transformar las dificultades en logros [&hellip;]<\/p>\n","protected":false},"author":166,"featured_media":68156,"comment_status":"open","ping_status":"open","sticky":false,"template":"","format":"standard","meta":{"_acf_changed":false,"footnotes":""},"categories":[9],"tags":[],"coauthors":[1901],"class_list":["post-68550","post","type-post","status-publish","format-standard","has-post-thumbnail","hentry","category-en-audio"],"acf":[],"_links":{"self":[{"href":"https:\/\/www.radiosanctispiritus.cu\/es\/wp-json\/wp\/v2\/posts\/68550","targetHints":{"allow":["GET"]}}],"collection":[{"href":"https:\/\/www.radiosanctispiritus.cu\/es\/wp-json\/wp\/v2\/posts"}],"about":[{"href":"https:\/\/www.radiosanctispiritus.cu\/es\/wp-json\/wp\/v2\/types\/post"}],"author":[{"embeddable":true,"href":"https:\/\/www.radiosanctispiritus.cu\/es\/wp-json\/wp\/v2\/users\/166"}],"replies":[{"embeddable":true,"href":"https:\/\/www.radiosanctispiritus.cu\/es\/wp-json\/wp\/v2\/comments?post=68550"}],"version-history":[{"count":1,"href":"https:\/\/www.radiosanctispiritus.cu\/es\/wp-json\/wp\/v2\/posts\/68550\/revisions"}],"predecessor-version":[{"id":68568,"href":"https:\/\/www.radiosanctispiritus.cu\/es\/wp-json\/wp\/v2\/posts\/68550\/revisions\/68568"}],"wp:featuredmedia":[{"embeddable":true,"href":"https:\/\/www.radiosanctispiritus.cu\/es\/wp-json\/wp\/v2\/media\/68156"}],"wp:attachment":[{"href":"https:\/\/www.radiosanctispiritus.cu\/es\/wp-json\/wp\/v2\/media?parent=68550"}],"wp:term":[{"taxonomy":"category","embeddable":true,"href":"https:\/\/www.radiosanctispiritus.cu\/es\/wp-json\/wp\/v2\/categories?post=68550"},{"taxonomy":"post_tag","embeddable":true,"href":"https:\/\/www.radiosanctispiritus.cu\/es\/wp-json\/wp\/v2\/tags?post=68550"},{"taxonomy":"author","embeddable":true,"href":"https:\/\/www.radiosanctispiritus.cu\/es\/wp-json\/wp\/v2\/coauthors?post=68550"}],"curies":[{"name":"wp","href":"https:\/\/api.w.org\/{rel}","templated":true}]}}