{"id":68549,"date":"2026-04-28T20:12:26","date_gmt":"2026-04-29T00:12:26","guid":{"rendered":"https:\/\/www.radiosanctispiritus.cu\/es\/?p=68549"},"modified":"2026-04-28T22:59:39","modified_gmt":"2026-04-29T02:59:39","slug":"juan-alberto-carrero-siempre-he-trabajado-para-que-el-central-de-tuinucu-no-se-pare","status":"publish","type":"post","link":"https:\/\/www.radiosanctispiritus.cu\/es\/juan-alberto-carrero-siempre-he-trabajado-para-que-el-central-de-tuinucu-no-se-pare\/","title":{"rendered":"Juan Alberto Carrero: siempre he trabajado para que el central de Tuinuc\u00fa no se detenga"},"content":{"rendered":"<p>\u201cYo lo que verdaderamente quiero es que este central no lo paren nunca. porque si paran el central se muere el patr\u00f3n. Y ese es el objetivo m\u00edo, que el central siempre est\u00e9 trabajando\u201d.<\/p>\n<p>Juan Alberto Carrero Santana, ingeniero el\u00e9ctrico, es uno de los puntales esenciales del funcionamiento del Central Melanio Hern\u00e1ndez. Por estos d\u00edas previos a la marcha unida por el primero de mayo, el talentoso obrero fue premiado como el mejor innovador de esta f\u00e1brica. Puede afirmarse que Carrero es en s\u00ed mismo el central de Tunic\u00fa y este su tesoro m\u00e1s preciado desde que lleg\u00f3 muy jovencito.<\/p>\n<p>Egresado a la universidad en el a\u00f1o 1975, la pasi\u00f3n por los hierros y la generaci\u00f3n el\u00e9ctrica han sido la raz\u00f3n de su vida junto a este pedazo de tierra cubana<\/p>\n<p>\u201cClaro que s\u00ed, como azucarero que soy, lo que quiero es que esto marche bien y que no se pare nunca. Lo que tenemos que recuperar es igual que antes, que Cuba sea el primer pa\u00eds exportador de az\u00facar.\u201d<\/p>\n<p>Juan Alberto Carrero, cincuentenario del sector, es de los hombres forjados en el bello sacrificio humano, maestro de juventudes, con la menci\u00f3n sencillamente de aportar cada d\u00eda m\u00e1s az\u00facar al crecimiento de la naci\u00f3n.<\/p>\n<p><iframe src=\"https:\/\/www.ivoox.com\/player_ej_172644127_6_1.html?c1=7a0d0b\" width=\"100%\" height=\"200\" frameborder=\"0\" scrolling=\"no\" allowfullscreen=\"allowfullscreen\"><\/iframe><\/p>\n","protected":false},"excerpt":{"rendered":"<p>\u201cYo lo que verdaderamente quiero es que este central no lo paren nunca. porque si paran el central se muere el patr\u00f3n. Y ese es el objetivo m\u00edo, que el central siempre est\u00e9 trabajando\u201d. Juan Alberto Carrero Santana, ingeniero el\u00e9ctrico, es uno de los puntales esenciales del funcionamiento del Central Melanio Hern\u00e1ndez. Por estos d\u00edas [&hellip;]<\/p>\n","protected":false},"author":17,"featured_media":68564,"comment_status":"open","ping_status":"open","sticky":false,"template":"","format":"standard","meta":{"_acf_changed":false,"footnotes":""},"categories":[9],"tags":[],"coauthors":[1870],"class_list":["post-68549","post","type-post","status-publish","format-standard","has-post-thumbnail","hentry","category-en-audio"],"acf":[],"_links":{"self":[{"href":"https:\/\/www.radiosanctispiritus.cu\/es\/wp-json\/wp\/v2\/posts\/68549","targetHints":{"allow":["GET"]}}],"collection":[{"href":"https:\/\/www.radiosanctispiritus.cu\/es\/wp-json\/wp\/v2\/posts"}],"about":[{"href":"https:\/\/www.radiosanctispiritus.cu\/es\/wp-json\/wp\/v2\/types\/post"}],"author":[{"embeddable":true,"href":"https:\/\/www.radiosanctispiritus.cu\/es\/wp-json\/wp\/v2\/users\/17"}],"replies":[{"embeddable":true,"href":"https:\/\/www.radiosanctispiritus.cu\/es\/wp-json\/wp\/v2\/comments?post=68549"}],"version-history":[{"count":3,"href":"https:\/\/www.radiosanctispiritus.cu\/es\/wp-json\/wp\/v2\/posts\/68549\/revisions"}],"predecessor-version":[{"id":68607,"href":"https:\/\/www.radiosanctispiritus.cu\/es\/wp-json\/wp\/v2\/posts\/68549\/revisions\/68607"}],"wp:featuredmedia":[{"embeddable":true,"href":"https:\/\/www.radiosanctispiritus.cu\/es\/wp-json\/wp\/v2\/media\/68564"}],"wp:attachment":[{"href":"https:\/\/www.radiosanctispiritus.cu\/es\/wp-json\/wp\/v2\/media?parent=68549"}],"wp:term":[{"taxonomy":"category","embeddable":true,"href":"https:\/\/www.radiosanctispiritus.cu\/es\/wp-json\/wp\/v2\/categories?post=68549"},{"taxonomy":"post_tag","embeddable":true,"href":"https:\/\/www.radiosanctispiritus.cu\/es\/wp-json\/wp\/v2\/tags?post=68549"},{"taxonomy":"author","embeddable":true,"href":"https:\/\/www.radiosanctispiritus.cu\/es\/wp-json\/wp\/v2\/coauthors?post=68549"}],"curies":[{"name":"wp","href":"https:\/\/api.w.org\/{rel}","templated":true}]}}