{"id":68548,"date":"2026-04-28T18:22:24","date_gmt":"2026-04-28T22:22:24","guid":{"rendered":"https:\/\/www.radiosanctispiritus.cu\/es\/?p=68548"},"modified":"2026-04-28T15:36:00","modified_gmt":"2026-04-28T19:36:00","slug":"respaldan-los-cabaiguanenses-movimiento-politico-mi-firma-por-la-patria","status":"publish","type":"post","link":"https:\/\/www.radiosanctispiritus.cu\/es\/respaldan-los-cabaiguanenses-movimiento-politico-mi-firma-por-la-patria\/","title":{"rendered":"Respaldan los cabaiguanenses movimiento pol\u00edtico Mi firma por la Patria"},"content":{"rendered":"<p>Para demostrar la disposici\u00f3n de la sociedad civil cabaiguanense a defender la paz y la soberan\u00eda de nuestro pa\u00eds, los habitantes de este pedazo de Cuba se han sumado a un movimiento que convoca a los agradecidos a demostrar la lealtad de los cubanos al legado de Fidel, nuestros l\u00edderes hist\u00f3ricos y su continuidad.<\/p>\n<p>\u201cMi firma por la patria es un proceso pol\u00edtico que se est\u00e1 llevando desde d\u00edas recientes y creo que este proceso ha tenido resultados positivos desde cada colectivo laboral\u201d.<\/p>\n<p>\u201cSe ha venido desarrollando en el 100% de los colectivos laborales, en las casas, con las f\u00e9minas, con los cederistas, con todo\u201d . Emilka Fern\u00e1ndez Campos, secretaria general de la CTC en este municipio, se refiri\u00f3 adem\u00e1s a las razones que sustentan nuestra decisi\u00f3n.<\/p>\n<p>\u201cDefender la patria significa defender la vida, los sue\u00f1os de nuestros ni\u00f1os, de nuestros adolescentes, de nuestros j\u00f3venes, cuidar a nuestra familia, a nuestros ancianos y al pueblo trabajador, es construir un mundo mejor\u201d.<\/p>\n<p>\u201cY estar contra la guerra, contra los cr\u00edmenes, contra los genocidios, defender lo justo, porque realmente los cubanos est\u00e1bamos defendiendo nuestra soberan\u00eda\u201d.<\/p>\n<p>Asimismo, la propia fuente confirm\u00f3 la posici\u00f3n de la clase obrera cabaiguanense a pocos d\u00edas de la celebraci\u00f3n por el D\u00eda Internacional de los Trabajadores.<\/p>\n<p>\u201cLos trabajadores seguiremos construyendo en nuestro futuro. Cuba no se rinde. Porque la patria se defiende, como dec\u00edamos en un principio, y contamos con la firmeza y la resistencia del pueblo unido para eso. Y sabemos que los cabaiguanenses una vez m\u00e1s van a dar muestra de ese compromiso y de ese hero\u00edsmo que nos caracteriza.<br \/>\n<iframe src=\"https:\/\/www.ivoox.com\/player_ej_172729451_6_1.html?c1=7a0d0b\" width=\"100%\" height=\"200\" frameborder=\"0\" scrolling=\"no\" allowfullscreen=\"allowfullscreen\"><\/iframe><\/p>\n","protected":false},"excerpt":{"rendered":"<p>Para demostrar la disposici\u00f3n de la sociedad civil cabaiguanense a defender la paz y la soberan\u00eda de nuestro pa\u00eds, los habitantes de este pedazo de Cuba se han sumado a un movimiento que convoca a los agradecidos a demostrar la lealtad de los cubanos al legado de Fidel, nuestros l\u00edderes hist\u00f3ricos y su continuidad. \u201cMi [&hellip;]<\/p>\n","protected":false},"author":135,"featured_media":68224,"comment_status":"open","ping_status":"open","sticky":false,"template":"","format":"standard","meta":{"_acf_changed":false,"footnotes":""},"categories":[9],"tags":[],"coauthors":[1863],"class_list":["post-68548","post","type-post","status-publish","format-standard","has-post-thumbnail","hentry","category-en-audio"],"acf":[],"_links":{"self":[{"href":"https:\/\/www.radiosanctispiritus.cu\/es\/wp-json\/wp\/v2\/posts\/68548","targetHints":{"allow":["GET"]}}],"collection":[{"href":"https:\/\/www.radiosanctispiritus.cu\/es\/wp-json\/wp\/v2\/posts"}],"about":[{"href":"https:\/\/www.radiosanctispiritus.cu\/es\/wp-json\/wp\/v2\/types\/post"}],"author":[{"embeddable":true,"href":"https:\/\/www.radiosanctispiritus.cu\/es\/wp-json\/wp\/v2\/users\/135"}],"replies":[{"embeddable":true,"href":"https:\/\/www.radiosanctispiritus.cu\/es\/wp-json\/wp\/v2\/comments?post=68548"}],"version-history":[{"count":1,"href":"https:\/\/www.radiosanctispiritus.cu\/es\/wp-json\/wp\/v2\/posts\/68548\/revisions"}],"predecessor-version":[{"id":68556,"href":"https:\/\/www.radiosanctispiritus.cu\/es\/wp-json\/wp\/v2\/posts\/68548\/revisions\/68556"}],"wp:featuredmedia":[{"embeddable":true,"href":"https:\/\/www.radiosanctispiritus.cu\/es\/wp-json\/wp\/v2\/media\/68224"}],"wp:attachment":[{"href":"https:\/\/www.radiosanctispiritus.cu\/es\/wp-json\/wp\/v2\/media?parent=68548"}],"wp:term":[{"taxonomy":"category","embeddable":true,"href":"https:\/\/www.radiosanctispiritus.cu\/es\/wp-json\/wp\/v2\/categories?post=68548"},{"taxonomy":"post_tag","embeddable":true,"href":"https:\/\/www.radiosanctispiritus.cu\/es\/wp-json\/wp\/v2\/tags?post=68548"},{"taxonomy":"author","embeddable":true,"href":"https:\/\/www.radiosanctispiritus.cu\/es\/wp-json\/wp\/v2\/coauthors?post=68548"}],"curies":[{"name":"wp","href":"https:\/\/api.w.org\/{rel}","templated":true}]}}