{"id":68547,"date":"2026-04-28T14:41:03","date_gmt":"2026-04-28T18:41:03","guid":{"rendered":"https:\/\/www.radiosanctispiritus.cu\/es\/?p=68547"},"modified":"2026-04-28T14:42:19","modified_gmt":"2026-04-28T18:42:19","slug":"desfile-pioneril-en-sancti-spiritus-por-el-primero-de-mayo","status":"publish","type":"post","link":"https:\/\/www.radiosanctispiritus.cu\/es\/desfile-pioneril-en-sancti-spiritus-por-el-primero-de-mayo\/","title":{"rendered":"Desfile pioneril en Sancti Sp\u00edritus por el Primero de Mayo"},"content":{"rendered":"<p>Un desfile pioneril tuvo lugar en toda la provincia de Sancti Sp\u00edritus como parte de las actividades en saludo al D\u00eda Internacional de los Trabajadores, con la participaci\u00f3n de estudiantes de diferentes niveles educativos, en una jornada dedicada a resaltar los valores del trabajo y la formaci\u00f3n de las nuevas generaciones.<\/p>\n<p>En el municipio cabecera, la iniciativa se desarroll\u00f3 en \u00e1reas del recinto ferial \u201cDelio Luna Echemend\u00eda\u201d, donde se concentraron representantes de c\u00edrculos infantiles, escuelas de la ense\u00f1anza especial, t\u00e9cnica, primaria y profesional as\u00ed como la Escuela Elemental de M\u00fasica, encargada del cierre del recorrido.<\/p>\n<p><iframe src=\"https:\/\/www.ivoox.com\/player_ej_172729549_6_1.html?c1=7a0d0b\" width=\"100%\" height=\"200\" frameborder=\"0\" scrolling=\"no\" allowfullscreen=\"allowfullscreen\"><\/iframe><\/p>\n<p>Durante la jornada, los pioneros protagonizaron iniciativas aleg\u00f3ricas al Primero de Mayo, centradas en la formaci\u00f3n vocacional y las aspiraciones profesionales futuras, en correspondencia con el homenaje a la clase trabajadora.<\/p>\n<div id=\"attachment_68553\" style=\"width: 610px\" class=\"wp-caption aligncenter\"><img decoding=\"async\" aria-describedby=\"caption-attachment-68553\" class=\"size-medium wp-image-68553\" src=\"https:\/\/www.radiosanctispiritus.cu\/es\/wp-content\/uploads\/1001181453-600x338.jpg\" alt=\"\" width=\"600\" height=\"338\" srcset=\"https:\/\/www.radiosanctispiritus.cu\/es\/wp-content\/uploads\/1001181453-600x338.jpg 600w, https:\/\/www.radiosanctispiritus.cu\/es\/wp-content\/uploads\/1001181453-1024x576.jpg 1024w, https:\/\/www.radiosanctispiritus.cu\/es\/wp-content\/uploads\/1001181453-768x432.jpg 768w, https:\/\/www.radiosanctispiritus.cu\/es\/wp-content\/uploads\/1001181453-1536x864.jpg 1536w, https:\/\/www.radiosanctispiritus.cu\/es\/wp-content\/uploads\/1001181453-960x540.jpg 960w, https:\/\/www.radiosanctispiritus.cu\/es\/wp-content\/uploads\/1001181453-605x340.jpg 605w, https:\/\/www.radiosanctispiritus.cu\/es\/wp-content\/uploads\/1001181453-290x163.jpg 290w, https:\/\/www.radiosanctispiritus.cu\/es\/wp-content\/uploads\/1001181453-460x259.jpg 460w, https:\/\/www.radiosanctispiritus.cu\/es\/wp-content\/uploads\/1001181453.jpg 1920w\" sizes=\"(max-width: 600px) 100vw, 600px\" \/><p id=\"caption-attachment-68553\" class=\"wp-caption-text\">Pioneros espirituanos protagonizaron un recorrido por \u00e1reas del recinto ferial Delio Luna Echemend\u00eda, en el municipio cabecera.<\/p><\/div>\n<p>&nbsp;<\/p>\n<div id=\"attachment_68554\" style=\"width: 610px\" class=\"wp-caption aligncenter\"><img decoding=\"async\" aria-describedby=\"caption-attachment-68554\" class=\"size-medium wp-image-68554\" src=\"https:\/\/www.radiosanctispiritus.cu\/es\/wp-content\/uploads\/1001181426-600x338.jpg\" alt=\"\" width=\"600\" height=\"338\" srcset=\"https:\/\/www.radiosanctispiritus.cu\/es\/wp-content\/uploads\/1001181426-600x338.jpg 600w, https:\/\/www.radiosanctispiritus.cu\/es\/wp-content\/uploads\/1001181426-1024x576.jpg 1024w, https:\/\/www.radiosanctispiritus.cu\/es\/wp-content\/uploads\/1001181426-768x432.jpg 768w, https:\/\/www.radiosanctispiritus.cu\/es\/wp-content\/uploads\/1001181426-1536x864.jpg 1536w, https:\/\/www.radiosanctispiritus.cu\/es\/wp-content\/uploads\/1001181426-960x540.jpg 960w, https:\/\/www.radiosanctispiritus.cu\/es\/wp-content\/uploads\/1001181426-605x340.jpg 605w, https:\/\/www.radiosanctispiritus.cu\/es\/wp-content\/uploads\/1001181426-290x163.jpg 290w, https:\/\/www.radiosanctispiritus.cu\/es\/wp-content\/uploads\/1001181426-460x259.jpg 460w, https:\/\/www.radiosanctispiritus.cu\/es\/wp-content\/uploads\/1001181426.jpg 1920w\" sizes=\"(max-width: 600px) 100vw, 600px\" \/><p id=\"caption-attachment-68554\" class=\"wp-caption-text\">La formaci\u00f3n vocacional y los valores del trabajo fueron los ejes del recorrido pioneril en toda la provincia de Sancti Sp\u00edritus.<\/p><\/div>\n<p>&nbsp;<\/p>\n<div id=\"attachment_68551\" style=\"width: 610px\" class=\"wp-caption aligncenter\"><img decoding=\"async\" aria-describedby=\"caption-attachment-68551\" class=\"size-medium wp-image-68551\" src=\"https:\/\/www.radiosanctispiritus.cu\/es\/wp-content\/uploads\/1001181422-600x338.jpg\" alt=\"\" width=\"600\" height=\"338\" srcset=\"https:\/\/www.radiosanctispiritus.cu\/es\/wp-content\/uploads\/1001181422-600x338.jpg 600w, https:\/\/www.radiosanctispiritus.cu\/es\/wp-content\/uploads\/1001181422-1024x576.jpg 1024w, https:\/\/www.radiosanctispiritus.cu\/es\/wp-content\/uploads\/1001181422-768x432.jpg 768w, https:\/\/www.radiosanctispiritus.cu\/es\/wp-content\/uploads\/1001181422-1536x864.jpg 1536w, https:\/\/www.radiosanctispiritus.cu\/es\/wp-content\/uploads\/1001181422-960x540.jpg 960w, https:\/\/www.radiosanctispiritus.cu\/es\/wp-content\/uploads\/1001181422-605x340.jpg 605w, https:\/\/www.radiosanctispiritus.cu\/es\/wp-content\/uploads\/1001181422-290x163.jpg 290w, https:\/\/www.radiosanctispiritus.cu\/es\/wp-content\/uploads\/1001181422-460x259.jpg 460w, https:\/\/www.radiosanctispiritus.cu\/es\/wp-content\/uploads\/1001181422.jpg 1920w\" sizes=\"(max-width: 600px) 100vw, 600px\" \/><p id=\"caption-attachment-68551\" class=\"wp-caption-text\">C\u00edrculos infantiles, escuelas especiales, t\u00e9cnicas, primarias y profesionales dijeron presente en la cita dedicada a la clase obrera.<\/p><\/div>\n<p>La actividad cont\u00f3 adem\u00e1s con el apoyo del Inder y el sector de la Cultura, que aportaron juegos tradicionales, propuestas recreativas y manifestaciones art\u00edsticas, lo que contribuy\u00f3 a dinamizar el ambiente festivo de la celebraci\u00f3n.<\/p>\n<div id=\"attachment_68552\" style=\"width: 610px\" class=\"wp-caption aligncenter\"><img decoding=\"async\" aria-describedby=\"caption-attachment-68552\" class=\"size-medium wp-image-68552\" src=\"https:\/\/www.radiosanctispiritus.cu\/es\/wp-content\/uploads\/1001181444-600x338.jpg\" alt=\"\" width=\"600\" height=\"338\" srcset=\"https:\/\/www.radiosanctispiritus.cu\/es\/wp-content\/uploads\/1001181444-600x338.jpg 600w, https:\/\/www.radiosanctispiritus.cu\/es\/wp-content\/uploads\/1001181444-1024x576.jpg 1024w, https:\/\/www.radiosanctispiritus.cu\/es\/wp-content\/uploads\/1001181444-768x432.jpg 768w, https:\/\/www.radiosanctispiritus.cu\/es\/wp-content\/uploads\/1001181444-1536x864.jpg 1536w, https:\/\/www.radiosanctispiritus.cu\/es\/wp-content\/uploads\/1001181444-960x540.jpg 960w, https:\/\/www.radiosanctispiritus.cu\/es\/wp-content\/uploads\/1001181444-605x340.jpg 605w, https:\/\/www.radiosanctispiritus.cu\/es\/wp-content\/uploads\/1001181444-290x163.jpg 290w, https:\/\/www.radiosanctispiritus.cu\/es\/wp-content\/uploads\/1001181444-460x259.jpg 460w, https:\/\/www.radiosanctispiritus.cu\/es\/wp-content\/uploads\/1001181444.jpg 1920w\" sizes=\"(max-width: 600px) 100vw, 600px\" \/><p id=\"caption-attachment-68552\" class=\"wp-caption-text\">Ni\u00f1os y j\u00f3venes desfilaron con entusiasmo para rendir homenaje al D\u00eda Internacional de los Trabajadores, desde sus respectivas instituciones educativas.<\/p><\/div>\n<p>Como parte del desfile, entregaron reconocimientos al Inder, Educaci\u00f3n y la Escuela de Arte \u201cErnesto Lecuona\u201d por su apoyo a la realizaci\u00f3n del desfile.<\/p>\n<p>&nbsp;<\/p>\n<p>&nbsp;<\/p>\n","protected":false},"excerpt":{"rendered":"<p>Un desfile pioneril tuvo lugar en toda la provincia de Sancti Sp\u00edritus como parte de las actividades en saludo al D\u00eda Internacional de los Trabajadores, con la participaci\u00f3n de estudiantes de diferentes niveles educativos.<\/p>\n","protected":false},"author":18,"featured_media":68555,"comment_status":"open","ping_status":"open","sticky":false,"template":"","format":"standard","meta":{"_acf_changed":false,"footnotes":""},"categories":[8,9,1],"tags":[],"coauthors":[1874],"class_list":["post-68547","post","type-post","status-publish","format-standard","has-post-thumbnail","hentry","category-noticia","category-en-audio","category-sancti-spiritus"],"acf":[],"_links":{"self":[{"href":"https:\/\/www.radiosanctispiritus.cu\/es\/wp-json\/wp\/v2\/posts\/68547","targetHints":{"allow":["GET"]}}],"collection":[{"href":"https:\/\/www.radiosanctispiritus.cu\/es\/wp-json\/wp\/v2\/posts"}],"about":[{"href":"https:\/\/www.radiosanctispiritus.cu\/es\/wp-json\/wp\/v2\/types\/post"}],"author":[{"embeddable":true,"href":"https:\/\/www.radiosanctispiritus.cu\/es\/wp-json\/wp\/v2\/users\/18"}],"replies":[{"embeddable":true,"href":"https:\/\/www.radiosanctispiritus.cu\/es\/wp-json\/wp\/v2\/comments?post=68547"}],"version-history":[{"count":3,"href":"https:\/\/www.radiosanctispiritus.cu\/es\/wp-json\/wp\/v2\/posts\/68547\/revisions"}],"predecessor-version":[{"id":68560,"href":"https:\/\/www.radiosanctispiritus.cu\/es\/wp-json\/wp\/v2\/posts\/68547\/revisions\/68560"}],"wp:featuredmedia":[{"embeddable":true,"href":"https:\/\/www.radiosanctispiritus.cu\/es\/wp-json\/wp\/v2\/media\/68555"}],"wp:attachment":[{"href":"https:\/\/www.radiosanctispiritus.cu\/es\/wp-json\/wp\/v2\/media?parent=68547"}],"wp:term":[{"taxonomy":"category","embeddable":true,"href":"https:\/\/www.radiosanctispiritus.cu\/es\/wp-json\/wp\/v2\/categories?post=68547"},{"taxonomy":"post_tag","embeddable":true,"href":"https:\/\/www.radiosanctispiritus.cu\/es\/wp-json\/wp\/v2\/tags?post=68547"},{"taxonomy":"author","embeddable":true,"href":"https:\/\/www.radiosanctispiritus.cu\/es\/wp-json\/wp\/v2\/coauthors?post=68547"}],"curies":[{"name":"wp","href":"https:\/\/api.w.org\/{rel}","templated":true}]}}