{"id":68535,"date":"2026-04-28T05:00:06","date_gmt":"2026-04-28T09:00:06","guid":{"rendered":"https:\/\/www.radiosanctispiritus.cu\/es\/?p=68535"},"modified":"2026-04-27T23:30:43","modified_gmt":"2026-04-28T03:30:43","slug":"sector-cultural-espirituano-dejo-constancia-de-su-apoyo-a-la-nacion","status":"publish","type":"post","link":"https:\/\/www.radiosanctispiritus.cu\/es\/sector-cultural-espirituano-dejo-constancia-de-su-apoyo-a-la-nacion\/","title":{"rendered":"Sector cultural espirituano dej\u00f3 constancia de su apoyo a la naci\u00f3n"},"content":{"rendered":"<p>En el mismo sitio donde se han sentido muchos de los m\u00e1s memorables hechos de la historia de Sancti Sp\u00edritus, la Biblioteca Provincial Rub\u00e9n Mart\u00ednez Villena, se firm\u00f3 por Cuba. Trabajadores y directivos del sector cultural se dieron cita en una ceremonia donde volvi\u00f3 a enaltecer el amor y respeto por el suelo patrio.<\/p>\n<p>\u00abEs continuidad de todo ese proceso cubano de disposici\u00f3n de lucha cuando se siente agredido\u00bb.<\/p>\n<p>\u00abYo creo que el sector de la cultura tambi\u00e9n, como el resto de los sectores, pues tambi\u00e9n desde su trinchera tiene la responsabilidad de conservar todo lo que hasta ahora se ha logrado en estos m\u00e1s de 60 a\u00f1os de Revoluci\u00f3n. Es el compromiso de seguir defendiendo a Cuba de ese f\u00e9rreo bloqueo, es el compromiso de defender a Cuba si llegara tambi\u00e9n a ser agredida. Estamos plasmando nuestra firma sobre todo por ese compromiso con la paz. Pero si llegara a ser tambi\u00e9n agredida Cuba estar\u00edamos dispuestos a defenderla hasta con las u\u00f1as\u00bb.<\/p>\n<p>\u00abNo solo es cumplir con un deber c\u00edvico, sino apostar por la paz, que es lo m\u00e1s importante. Apostar por la no intervenci\u00f3n yanqui a Cuba, los yanquis fuera de Cuba. Hay que mirar el espejo del mundo. Cada vez que Estados Unidos libera un pa\u00eds, lo deja en ruinas. Entonces, este es el reclamo de los cubanos, que nos dejen arreglar Cuba nosotros, los que vivimos dentro de la isla. Que tenemos miles de problemas, es cierto, pero los tenemos que arreglar nosotros. Paz, soberan\u00eda y defensa a la patria, m\u00e1s que cualquier discurso pol\u00edtico, es defender la tierra que nos vio nacer\u00bb.<\/p>\n<p>La cita fue espacio para confirmar la asistencia de artistas, intelectuales y trabajadores del sector cultural a la plaza este primero de mayo, como muestra tambi\u00e9n del amor por Cuba.<\/p>\n<p><iframe src=\"https:\/\/www.ivoox.com\/player_ej_172642320_6_1.html?c1=7a0d0b\" width=\"100%\" height=\"200\" frameborder=\"0\" scrolling=\"no\" allowfullscreen=\"allowfullscreen\"><\/iframe><\/p>\n","protected":false},"excerpt":{"rendered":"<p>En el mismo sitio donde se han sentido muchos de los m\u00e1s memorables hechos de la historia de Sancti Sp\u00edritus, la Biblioteca Provincial Rub\u00e9n Mart\u00ednez Villena, se firm\u00f3 por Cuba. Trabajadores y directivos del sector cultural se dieron cita en una ceremonia donde volvi\u00f3 a enaltecer el amor y respeto por el suelo patrio.<\/p>\n","protected":false},"author":12,"featured_media":68182,"comment_status":"open","ping_status":"open","sticky":false,"template":"","format":"standard","meta":{"_acf_changed":false,"footnotes":""},"categories":[6,8,1],"tags":[639,360,2325],"coauthors":[1864],"class_list":["post-68535","post","type-post","status-publish","format-standard","has-post-thumbnail","hentry","category-cultura","category-noticia","category-sancti-spiritus","tag-biblioteca","tag-cultura-espirituana","tag-patria"],"acf":[],"_links":{"self":[{"href":"https:\/\/www.radiosanctispiritus.cu\/es\/wp-json\/wp\/v2\/posts\/68535","targetHints":{"allow":["GET"]}}],"collection":[{"href":"https:\/\/www.radiosanctispiritus.cu\/es\/wp-json\/wp\/v2\/posts"}],"about":[{"href":"https:\/\/www.radiosanctispiritus.cu\/es\/wp-json\/wp\/v2\/types\/post"}],"author":[{"embeddable":true,"href":"https:\/\/www.radiosanctispiritus.cu\/es\/wp-json\/wp\/v2\/users\/12"}],"replies":[{"embeddable":true,"href":"https:\/\/www.radiosanctispiritus.cu\/es\/wp-json\/wp\/v2\/comments?post=68535"}],"version-history":[{"count":4,"href":"https:\/\/www.radiosanctispiritus.cu\/es\/wp-json\/wp\/v2\/posts\/68535\/revisions"}],"predecessor-version":[{"id":68539,"href":"https:\/\/www.radiosanctispiritus.cu\/es\/wp-json\/wp\/v2\/posts\/68535\/revisions\/68539"}],"wp:featuredmedia":[{"embeddable":true,"href":"https:\/\/www.radiosanctispiritus.cu\/es\/wp-json\/wp\/v2\/media\/68182"}],"wp:attachment":[{"href":"https:\/\/www.radiosanctispiritus.cu\/es\/wp-json\/wp\/v2\/media?parent=68535"}],"wp:term":[{"taxonomy":"category","embeddable":true,"href":"https:\/\/www.radiosanctispiritus.cu\/es\/wp-json\/wp\/v2\/categories?post=68535"},{"taxonomy":"post_tag","embeddable":true,"href":"https:\/\/www.radiosanctispiritus.cu\/es\/wp-json\/wp\/v2\/tags?post=68535"},{"taxonomy":"author","embeddable":true,"href":"https:\/\/www.radiosanctispiritus.cu\/es\/wp-json\/wp\/v2\/coauthors?post=68535"}],"curies":[{"name":"wp","href":"https:\/\/api.w.org\/{rel}","templated":true}]}}