{"id":68524,"date":"2026-04-28T05:36:45","date_gmt":"2026-04-28T09:36:45","guid":{"rendered":"https:\/\/www.radiosanctispiritus.cu\/es\/?p=68524"},"modified":"2026-04-27T23:08:26","modified_gmt":"2026-04-28T03:08:26","slug":"la-quimica-de-las-nuevas-medallas","status":"publish","type":"post","link":"https:\/\/www.radiosanctispiritus.cu\/es\/la-quimica-de-las-nuevas-medallas\/","title":{"rendered":"La qu\u00edmica de las nuevas medallas (+ fotos y video)"},"content":{"rendered":"<p>Entre m\u00e1s de 200 estudiantes de unos 35 pa\u00edses, dos j\u00f3venes espirituanos pasaban inadvertidos. Sin embargo, el rigor de un evento como la 60 Olimpiada Internacional de Qu\u00edmica, celebrada en la Universidad Lomon\u00f3sov, de Mosc\u00fa, permiti\u00f3 demostrar su talento con un par de relevantes medallas de bronce.<\/p>\n<p>Ellos son Leticia Mar\u00eda Merlo Alfonso y Ernesto Alejandro Barrera del Ipvce Eusebio Olivera Rodr\u00edguez, quienes ahora repasan pasajes de ese momento que marc\u00f3 una nueva pauta en sus vidas.<\/p>\n<div id=\"attachment_68530\" style=\"width: 610px\" class=\"wp-caption alignright\"><img decoding=\"async\" aria-describedby=\"caption-attachment-68530\" class=\"size-medium wp-image-68530\" src=\"https:\/\/www.radiosanctispiritus.cu\/es\/wp-content\/uploads\/Esta-fue-Dice-que-esta-fue-la-segunda-competencia-internacional-de-Leticia.-Foto-Yosdany-Morejon-600x276.jpg\" alt=\"\" width=\"600\" height=\"276\" srcset=\"https:\/\/www.radiosanctispiritus.cu\/es\/wp-content\/uploads\/Esta-fue-Dice-que-esta-fue-la-segunda-competencia-internacional-de-Leticia.-Foto-Yosdany-Morejon-600x276.jpg 600w, https:\/\/www.radiosanctispiritus.cu\/es\/wp-content\/uploads\/Esta-fue-Dice-que-esta-fue-la-segunda-competencia-internacional-de-Leticia.-Foto-Yosdany-Morejon-1024x471.jpg 1024w, https:\/\/www.radiosanctispiritus.cu\/es\/wp-content\/uploads\/Esta-fue-Dice-que-esta-fue-la-segunda-competencia-internacional-de-Leticia.-Foto-Yosdany-Morejon-768x353.jpg 768w, https:\/\/www.radiosanctispiritus.cu\/es\/wp-content\/uploads\/Esta-fue-Dice-que-esta-fue-la-segunda-competencia-internacional-de-Leticia.-Foto-Yosdany-Morejon-1536x707.jpg 1536w, https:\/\/www.radiosanctispiritus.cu\/es\/wp-content\/uploads\/Esta-fue-Dice-que-esta-fue-la-segunda-competencia-internacional-de-Leticia.-Foto-Yosdany-Morejon-2048x942.jpg 2048w\" sizes=\"(max-width: 600px) 100vw, 600px\" \/><p id=\"caption-attachment-68530\" class=\"wp-caption-text\">Esta fue la segunda competencia internacional de Leticia. Foto Yosdany Morej\u00f3n.<\/p><\/div>\n<p>Esta es la segunda medalla de bronce para Leticia Mar\u00eda en Olimpiadas de Qu\u00edmica, considerada la Mendeleev como el evento de mayor rigurosidad en el mundo.<\/p>\n<p>\u201cNo deja de ser un desaf\u00edo, nunca se est\u00e1 preparado los suficientemente para enfrentarse a este tipo de certamen, ello supone un reto grand\u00edsimo, por el prestigio que tiene internacionalmente y por la dificultad de sus pruebas\u00a8.<\/p>\n<p>\u201cFue una prueba bastante peculiar, cuenta de tres ex\u00e1menes, dos te\u00f3ricos y uno pr\u00e1ctico, este \u00faltimo el que m\u00e1s disfrut\u00e9, porque es la parte que m\u00e1s me gusta de la Qu\u00edmica y tambi\u00e9n en la que mejor sal\u00ed.<\/p>\n<p>\u201cLos dos te\u00f3ricos fueron en realidad muy complicados, el primero contaba de ocho preguntas y a pesar de tener cinco horas para realizarlo, no logre terminarlos, en ese momento el tiempo transcurre muy r\u00e1pido. El segundo examen ten\u00eda 5 preguntas fundamentales de las cinco \u00e1reas esenciales de la Qu\u00edmica, ah\u00ed son 15 preguntas en total a escoger una de cada tema.<br \/>\n<iframe title=\"Leticia y Ernesto: dos espirituanos frente al examen de qu\u00edmica m\u00e1s duro del planeta\" src=\"https:\/\/www.youtube.com\/embed\/ms8zBPJALL0\" width=\"795\" height=\"447\" frameborder=\"0\" allowfullscreen=\"allowfullscreen\"><\/iframe><\/p>\n<p>\u201cCuando uno est\u00e1 haciendo ese tipo de examen se intenta no ponerse nervioso, aunque pienso que un poquito de nervios es necesario para sentir que est\u00e1s presente.<\/p>\n<p>\u201cCuando comenc\u00e9 a leer la prueba busque aquellos ejercicios que m\u00e1s conozco y m\u00e1s c\u00f3modos me resultan para poder trabajarlo, y a pesar de lo dif\u00edcil que estaba el examen era como un reto intentar hacerlo todo de la mejor manera, y as\u00ed lo hice, y lo disfrut\u00e9.<\/p>\n<p>\u201cPor suputo hubo ejercicios que no logre completar por cuesti\u00f3n de tiempo, hubo otros que tir\u00e9 una piedra y por suerte result\u00f3, tambi\u00e9n hubo preguntas a las que le dedique el m\u00e1ximo esfuerzo y cr\u00e9ame que vali\u00f3 la pena.<\/p>\n<p>\u201cPienso que el estudio y la preparaci\u00f3n es fundamental, yo trato de ser lo m\u00e1s constante posible, me siento bien y c\u00f3moda con lo que s\u00e9, aunque nunca confiada\u201d.<\/p>\n<p>Para Leticia Mar\u00eda Merlo, la \u201cPlata\u201d es el elemento qu\u00edmico de la tabla peri\u00f3dica que m\u00e1s prefiere, porque en espa\u00f1ol es el \u00fanico elemento femenino.<\/p>\n<p><strong>Camino a seguir en lo adelante. <\/strong><\/p>\n<p>\u201cGracias a todo este recorrido por las Olimpiadas, nos exime de la realizaci\u00f3n de los ex\u00e1menes de ingreso, tenemos derecho a entrar a la Educaci\u00f3n Superior en la carrera y Universidad que queramos. Yo escog\u00ed Qu\u00edmica Pura, en la Universidad de La Habana\u201d.<\/p>\n<p><strong>Por su parte, Ernesto Alejandro Barrera, el otro espirituano que represent\u00f3 a Cuba en la Olimpiada Internacional de Qu\u00edmica Mendeleev habla de su experiencia.<\/strong><\/p>\n<div id=\"attachment_68531\" style=\"width: 610px\" class=\"wp-caption alignleft\"><img decoding=\"async\" aria-describedby=\"caption-attachment-68531\" class=\"size-medium wp-image-68531\" src=\"https:\/\/www.radiosanctispiritus.cu\/es\/wp-content\/uploads\/En-unos-meses-ambos-optaran-por-la-Licenciatura-en-Quimica-Pura-en-la-Universidad-de-La-Habana.-Foto-Yosdany-Morejon-600x276.jpg\" alt=\"\" width=\"600\" height=\"276\" srcset=\"https:\/\/www.radiosanctispiritus.cu\/es\/wp-content\/uploads\/En-unos-meses-ambos-optaran-por-la-Licenciatura-en-Quimica-Pura-en-la-Universidad-de-La-Habana.-Foto-Yosdany-Morejon-600x276.jpg 600w, https:\/\/www.radiosanctispiritus.cu\/es\/wp-content\/uploads\/En-unos-meses-ambos-optaran-por-la-Licenciatura-en-Quimica-Pura-en-la-Universidad-de-La-Habana.-Foto-Yosdany-Morejon-1024x471.jpg 1024w, https:\/\/www.radiosanctispiritus.cu\/es\/wp-content\/uploads\/En-unos-meses-ambos-optaran-por-la-Licenciatura-en-Quimica-Pura-en-la-Universidad-de-La-Habana.-Foto-Yosdany-Morejon-768x353.jpg 768w, https:\/\/www.radiosanctispiritus.cu\/es\/wp-content\/uploads\/En-unos-meses-ambos-optaran-por-la-Licenciatura-en-Quimica-Pura-en-la-Universidad-de-La-Habana.-Foto-Yosdany-Morejon-1536x707.jpg 1536w, https:\/\/www.radiosanctispiritus.cu\/es\/wp-content\/uploads\/En-unos-meses-ambos-optaran-por-la-Licenciatura-en-Quimica-Pura-en-la-Universidad-de-La-Habana.-Foto-Yosdany-Morejon-2048x942.jpg 2048w\" sizes=\"(max-width: 600px) 100vw, 600px\" \/><p id=\"caption-attachment-68531\" class=\"wp-caption-text\">En unos meses ambos optar\u00e1n por la Licenciatura en Qu\u00edmica Pura en la Universidad de La Habana. Foto Yosdany Morej\u00f3n.<\/p><\/div>\n<p>\u201cEsta es mi tercera Medalla de Bronce en Olimpiadas Internacionales, es una experiencia maravillosa, pienso que es un premio al sacrificio, a lo que una vez so\u00f1\u00e9 y se hizo realidad.<\/p>\n<p>\u201cNos encontr\u00e1bamos en uno de los teatros de la Universidad Federal de Mosc\u00fa, en la ceremonia de clausura, muy nerviosos los dos, ve\u00edamos que pasaban nombres y nombres hasta que primero dijeron el de Leticia y luego el m\u00edo, cuando sub\u00ed nos abrazamos, no lo cre\u00edamos, y posamos para uno foto con la bandera cubana, ese es uno de los videos que circula en las diferentes plataformas, &#8211; fue un momento muy importante y de especial significaci\u00f3n para nosotros.<\/p>\n<p>\u201cEn mi caso tambi\u00e9n opte por la carrera de Qu\u00edmica Pura en la Universidad de La Habana, primero tengo que cumplir mi a\u00f1o de Servicio Militar Obligatorio y luego a la Universidad, para continuar con la Ciencia y la Qu\u00edmica\u201d.<\/p>\n<p><strong>La familia.<\/strong><\/p>\n<p><strong>\u201c<\/strong>Las familias muy contentas, pienso que ellas son un eslab\u00f3n fundamental en nuestros resultados, sin su apoyo nada fuera posible.<\/p>\n<p>\u201cEn mi caso personal mis padres han sido pilares esenciales, desde muy peque\u00f1o han batallado para formarme como un hombre de bien, que al final ese es el objetivo, m\u00e1s all\u00e1 de los reconocimientos y de las medallas\u201d.<\/p>\n<p>Ernesto Alejandro, prefiere el \u201cOro\u201d como elemento qu\u00edmico, pues representa la pureza y la grandeza, asegura el joven.<\/p>\n<p><strong>Lo m\u00e1s apasionante de la Qu\u00edmica.<\/strong><\/p>\n<div id=\"attachment_68532\" style=\"width: 610px\" class=\"wp-caption alignright\"><img decoding=\"async\" aria-describedby=\"caption-attachment-68532\" class=\"size-medium wp-image-68532\" src=\"https:\/\/www.radiosanctispiritus.cu\/es\/wp-content\/uploads\/Para-estos-jovenes-la-quimica-es-la-magia-de-la-vida-real.-Foto-Yosdany-Morejon-600x276.jpg\" alt=\"\" width=\"600\" height=\"276\" srcset=\"https:\/\/www.radiosanctispiritus.cu\/es\/wp-content\/uploads\/Para-estos-jovenes-la-quimica-es-la-magia-de-la-vida-real.-Foto-Yosdany-Morejon-600x276.jpg 600w, https:\/\/www.radiosanctispiritus.cu\/es\/wp-content\/uploads\/Para-estos-jovenes-la-quimica-es-la-magia-de-la-vida-real.-Foto-Yosdany-Morejon-1024x471.jpg 1024w, https:\/\/www.radiosanctispiritus.cu\/es\/wp-content\/uploads\/Para-estos-jovenes-la-quimica-es-la-magia-de-la-vida-real.-Foto-Yosdany-Morejon-768x353.jpg 768w, https:\/\/www.radiosanctispiritus.cu\/es\/wp-content\/uploads\/Para-estos-jovenes-la-quimica-es-la-magia-de-la-vida-real.-Foto-Yosdany-Morejon-1536x707.jpg 1536w, https:\/\/www.radiosanctispiritus.cu\/es\/wp-content\/uploads\/Para-estos-jovenes-la-quimica-es-la-magia-de-la-vida-real.-Foto-Yosdany-Morejon-2048x942.jpg 2048w\" sizes=\"(max-width: 600px) 100vw, 600px\" \/><p id=\"caption-attachment-68532\" class=\"wp-caption-text\">Para estos j\u00f3venes la qu\u00edmica es la magia de la vida real. Foto Yosdany Morej\u00f3n.<\/p><\/div>\n<p>\u201cPara m\u00ed la Qu\u00edmica lo es todo, es esa ciencia que es muy curiosa, no es como la F\u00edsica o la Biolog\u00eda que todo lo puedes ver. La Qu\u00edmica es una ciencia abstracta, uno tiene que imaginarse las cosas y eso es muy bonito, la Qu\u00edmica tiene el poder de transformar las cosas.<\/p>\n<p>\u201cHay una frase muy bonita que dice que la Qu\u00edmica es la magia de la vida real, explicada en ciencia, y eso es verdad\u201d.<\/p>\n<p><strong>Ambos hablan con especial cari\u00f1o del reconocido profesor y entrenador espirituano Agust\u00edn Plasencia Calero. <\/strong><\/p>\n<p><img decoding=\"async\" class=\"size-medium wp-image-68392 alignleft\" src=\"https:\/\/www.radiosanctispiritus.cu\/es\/wp-content\/uploads\/676887217_4450403668572558_6884997918122367643_n-e1777153009936-600x361.jpg\" alt=\"\" width=\"600\" height=\"361\" srcset=\"https:\/\/www.radiosanctispiritus.cu\/es\/wp-content\/uploads\/676887217_4450403668572558_6884997918122367643_n-e1777153009936-600x361.jpg 600w, https:\/\/www.radiosanctispiritus.cu\/es\/wp-content\/uploads\/676887217_4450403668572558_6884997918122367643_n-e1777153009936-1024x616.jpg 1024w, https:\/\/www.radiosanctispiritus.cu\/es\/wp-content\/uploads\/676887217_4450403668572558_6884997918122367643_n-e1777153009936-768x462.jpg 768w, https:\/\/www.radiosanctispiritus.cu\/es\/wp-content\/uploads\/676887217_4450403668572558_6884997918122367643_n-e1777153009936-1536x924.jpg 1536w, https:\/\/www.radiosanctispiritus.cu\/es\/wp-content\/uploads\/676887217_4450403668572558_6884997918122367643_n-e1777153009936.jpg 1645w\" sizes=\"(max-width: 600px) 100vw, 600px\" \/><\/p>\n<p>\u201cPara mi Agust\u00edn es lo m\u00e1ximo, mi gu\u00eda, me capt\u00f3 desde el octavo grado para iniciar mi entrenamiento en el Instituto Preuniversitario Vocacional de Ciencias Exactas Eusebio Olivera, y me conquist\u00f3 con esa magia que solo \u00e9l sabe transmitir muy bien\u201d, asegura Ernesto Alejandro Barrera.<\/p>\n<p>En tanto, Leticia Mar\u00eda Merlo habla con mucho cari\u00f1o del profe Agust\u00edn, y dice estarle eternamente agradecida por captarla, por confiar en ella y por apostar por sus resultados. \u201cEs lo m\u00e1s grande, es una persona adorable, buena gente, le gusta ayudar a los dem\u00e1s, ense\u00f1ar, no hay palabras para describir a este gran hombre que ha contribuido a \u00a0formar tantos \u00a0hombres y mujeres de ciencia en Sancti Sp\u00edritus\u201d.<\/p>\n<p><img decoding=\"async\" class=\"size-medium wp-image-68393 aligncenter\" src=\"https:\/\/www.radiosanctispiritus.cu\/es\/wp-content\/uploads\/1001178307-600x338.jpg\" alt=\"\" width=\"600\" height=\"338\" srcset=\"https:\/\/www.radiosanctispiritus.cu\/es\/wp-content\/uploads\/1001178307-600x338.jpg 600w, https:\/\/www.radiosanctispiritus.cu\/es\/wp-content\/uploads\/1001178307-1024x576.jpg 1024w, https:\/\/www.radiosanctispiritus.cu\/es\/wp-content\/uploads\/1001178307-768x432.jpg 768w, https:\/\/www.radiosanctispiritus.cu\/es\/wp-content\/uploads\/1001178307-1536x864.jpg 1536w, https:\/\/www.radiosanctispiritus.cu\/es\/wp-content\/uploads\/1001178307-960x540.jpg 960w, https:\/\/www.radiosanctispiritus.cu\/es\/wp-content\/uploads\/1001178307-605x340.jpg 605w, https:\/\/www.radiosanctispiritus.cu\/es\/wp-content\/uploads\/1001178307-290x163.jpg 290w, https:\/\/www.radiosanctispiritus.cu\/es\/wp-content\/uploads\/1001178307-460x259.jpg 460w, https:\/\/www.radiosanctispiritus.cu\/es\/wp-content\/uploads\/1001178307.jpg 1920w\" sizes=\"(max-width: 600px) 100vw, 600px\" \/><\/p>\n","protected":false},"excerpt":{"rendered":"<p>Entre m\u00e1s de 200 estudiantes de unos 35 pa\u00edses, dos j\u00f3venes espirituanos pasaban inadvertidos. Sin embargo, el rigor de un evento como la 60 Olimpiada Internacional de Qu\u00edmica, celebrada en la Universidad Lomon\u00f3sov, de Mosc\u00fa, permiti\u00f3 demostrar su talento con un par de relevantes medallas de bronce.<\/p>\n","protected":false},"author":8,"featured_media":68529,"comment_status":"open","ping_status":"open","sticky":false,"template":"","format":"standard","meta":{"_acf_changed":false,"footnotes":""},"categories":[8,14,1],"tags":[29,662,2323,969],"coauthors":[1917,1856],"class_list":["post-68524","post","type-post","status-publish","format-standard","has-post-thumbnail","hentry","category-noticia","category-educacion","category-sancti-spiritus","tag-educacion","tag-ipvce","tag-olimpiada-internacional-de-quimica-mendeleiev","tag-quimica"],"acf":[],"_links":{"self":[{"href":"https:\/\/www.radiosanctispiritus.cu\/es\/wp-json\/wp\/v2\/posts\/68524","targetHints":{"allow":["GET"]}}],"collection":[{"href":"https:\/\/www.radiosanctispiritus.cu\/es\/wp-json\/wp\/v2\/posts"}],"about":[{"href":"https:\/\/www.radiosanctispiritus.cu\/es\/wp-json\/wp\/v2\/types\/post"}],"author":[{"embeddable":true,"href":"https:\/\/www.radiosanctispiritus.cu\/es\/wp-json\/wp\/v2\/users\/8"}],"replies":[{"embeddable":true,"href":"https:\/\/www.radiosanctispiritus.cu\/es\/wp-json\/wp\/v2\/comments?post=68524"}],"version-history":[{"count":5,"href":"https:\/\/www.radiosanctispiritus.cu\/es\/wp-json\/wp\/v2\/posts\/68524\/revisions"}],"predecessor-version":[{"id":68533,"href":"https:\/\/www.radiosanctispiritus.cu\/es\/wp-json\/wp\/v2\/posts\/68524\/revisions\/68533"}],"wp:featuredmedia":[{"embeddable":true,"href":"https:\/\/www.radiosanctispiritus.cu\/es\/wp-json\/wp\/v2\/media\/68529"}],"wp:attachment":[{"href":"https:\/\/www.radiosanctispiritus.cu\/es\/wp-json\/wp\/v2\/media?parent=68524"}],"wp:term":[{"taxonomy":"category","embeddable":true,"href":"https:\/\/www.radiosanctispiritus.cu\/es\/wp-json\/wp\/v2\/categories?post=68524"},{"taxonomy":"post_tag","embeddable":true,"href":"https:\/\/www.radiosanctispiritus.cu\/es\/wp-json\/wp\/v2\/tags?post=68524"},{"taxonomy":"author","embeddable":true,"href":"https:\/\/www.radiosanctispiritus.cu\/es\/wp-json\/wp\/v2\/coauthors?post=68524"}],"curies":[{"name":"wp","href":"https:\/\/api.w.org\/{rel}","templated":true}]}}