{"id":68519,"date":"2026-04-28T05:04:02","date_gmt":"2026-04-28T09:04:02","guid":{"rendered":"https:\/\/www.radiosanctispiritus.cu\/es\/?p=68519"},"modified":"2026-04-27T22:19:30","modified_gmt":"2026-04-28T02:19:30","slug":"labiofam-sancti-spiritus-ciencia-que-se-convierte-en-compromiso","status":"publish","type":"post","link":"https:\/\/www.radiosanctispiritus.cu\/es\/labiofam-sancti-spiritus-ciencia-que-se-convierte-en-compromiso\/","title":{"rendered":"LABIOFAM Sancti Sp\u00edritus: ciencia que se convierte en compromiso"},"content":{"rendered":"<p>Detr\u00e1s de cada medicamento y cada proyecto de investigaci\u00f3n de la Empresa de Laboratorios Biol\u00f3gicos Farmac\u00e9uticos S.A. de Sancti Sp\u00edritus, late la certeza de que la ciencia puede transformar vidas.<\/p>\n<p>LABIOFAM, reconocida nuevamente con la condici\u00f3n de Vanguardia Nacional, es mucho m\u00e1s que una entidad: es un espacio donde la disciplina, la innovaci\u00f3n y la juventud se unen en un mismo prop\u00f3sito que es servir al pueblo.<\/p>\n<p><strong>El rigor de la producci\u00f3n<\/strong><\/p>\n<div id=\"attachment_67812\" style=\"width: 610px\" class=\"wp-caption aligncenter\"><img decoding=\"async\" aria-describedby=\"caption-attachment-67812\" class=\"size-medium wp-image-67812\" src=\"https:\/\/www.radiosanctispiritus.cu\/es\/wp-content\/uploads\/labiofam-3-600x432.jpg\" alt=\"\" width=\"600\" height=\"432\" srcset=\"https:\/\/www.radiosanctispiritus.cu\/es\/wp-content\/uploads\/labiofam-3-600x432.jpg 600w, https:\/\/www.radiosanctispiritus.cu\/es\/wp-content\/uploads\/labiofam-3-1024x737.jpg 1024w, https:\/\/www.radiosanctispiritus.cu\/es\/wp-content\/uploads\/labiofam-3-768x552.jpg 768w, https:\/\/www.radiosanctispiritus.cu\/es\/wp-content\/uploads\/labiofam-3-1536x1105.jpg 1536w, https:\/\/www.radiosanctispiritus.cu\/es\/wp-content\/uploads\/labiofam-3-2048x1473.jpg 2048w\" sizes=\"(max-width: 600px) 100vw, 600px\" \/><p id=\"caption-attachment-67812\" class=\"wp-caption-text\">Labiofam es un colectivo de hombres de ciencia, muy laborioso.<\/p><\/div>\n<p>Las jornadas en el \u00e1rea de producci\u00f3n comienzan temprano, con el sonido de m\u00e1quinas y frascos que se llenan y se sellan. Joel Hern\u00e1ndez \u00c1vila, jefe de producci\u00f3n y comercializaci\u00f3n, lo describe con claridad:<\/p>\n<p>\u201cAqu\u00ed se producen tinturas, se envasan medicamentos, se etiquetan y verifican. Es un trabajo fuerte y din\u00e1mico, que requiere mucha disciplina.\u201d<\/p>\n<p>El Ferrical, derivado de la sangre equina, es un ejemplo de la complejidad de los procesos. Ambos demandan recursos escasos y esfuerzos extraordinarios, pero el colectivo no se detiene. La disciplina es la clave que sostiene la producci\u00f3n, incluso en medio de las dificultades.<\/p>\n<p><strong>La ciencia que investiga y sue\u00f1a<\/strong><\/p>\n<div id=\"attachment_67814\" style=\"width: 610px\" class=\"wp-caption aligncenter\"><img decoding=\"async\" aria-describedby=\"caption-attachment-67814\" class=\"size-medium wp-image-67814\" src=\"https:\/\/www.radiosanctispiritus.cu\/es\/wp-content\/uploads\/Labiofam-5-600x419.jpg\" alt=\"\" width=\"600\" height=\"419\" srcset=\"https:\/\/www.radiosanctispiritus.cu\/es\/wp-content\/uploads\/Labiofam-5-600x419.jpg 600w, https:\/\/www.radiosanctispiritus.cu\/es\/wp-content\/uploads\/Labiofam-5-1024x714.jpg 1024w, https:\/\/www.radiosanctispiritus.cu\/es\/wp-content\/uploads\/Labiofam-5-768x536.jpg 768w, https:\/\/www.radiosanctispiritus.cu\/es\/wp-content\/uploads\/Labiofam-5-1536x1072.jpg 1536w, https:\/\/www.radiosanctispiritus.cu\/es\/wp-content\/uploads\/Labiofam-5-2048x1429.jpg 2048w\" sizes=\"(max-width: 600px) 100vw, 600px\" \/><p id=\"caption-attachment-67814\" class=\"wp-caption-text\">Investigar para aportar soluciones, una m\u00e1xima de los trabajadores de Labiofam.<\/p><\/div>\n<p>En los laboratorios, la investigaci\u00f3n abre caminos hacia el futuro. Ra\u00fal Garc\u00eda Molinet, cient\u00edfico del centro explica con entusiasmo:<\/p>\n<p>\u201cEstamos desarrollando la tintura de Cedrovida, con propiedades antiinflamatorias, y otro medicamento a partir de la cebolla morada para el control de la diabetes. Tambi\u00e9n trabajamos en microorganismos eficientes para saneamiento ambiental y proyectos contra vectores como el mosquito Aedes aegypti.\u201d<\/p>\n<p>Entre los productos m\u00e1s distintivos de LABIOFAM Sancti Sp\u00edritus se encuentran el Vidatox, preparado homeop\u00e1tico elaborado a partir del veneno del escorpi\u00f3n azul con propiedades analg\u00e9sicas y antiinflamatorias utilizado como terapia complementaria en pacientes con c\u00e1ncer, y la tintura Cedrovida, desarrollada a partir del cedro con efectos antiinflamatorios y analg\u00e9sicos, orientada al tratamiento de dolencias cr\u00f3nicas. Ambos reflejan la misi\u00f3n esencial de la entidad: aprovechar los recursos naturales de manera sostenible para generar medicamentos que mejoren la calidad de vida de la poblaci\u00f3n, siempre con un enfoque cient\u00edfico y social.<\/p>\n<p>La innovaci\u00f3n no se limita a la salud humana. Tambi\u00e9n se buscan soluciones para el medio ambiente y la agricultura, siempre con la premisa de que la ciencia debe ser amigable con la naturaleza.<\/p>\n<p><strong>Juventud en la direcci\u00f3n<\/strong><\/p>\n<div id=\"attachment_67815\" style=\"width: 610px\" class=\"wp-caption aligncenter\"><img decoding=\"async\" aria-describedby=\"caption-attachment-67815\" class=\"size-medium wp-image-67815\" src=\"https:\/\/www.radiosanctispiritus.cu\/es\/wp-content\/uploads\/Labiofam-6-600x446.jpg\" alt=\"\" width=\"600\" height=\"446\" srcset=\"https:\/\/www.radiosanctispiritus.cu\/es\/wp-content\/uploads\/Labiofam-6-600x446.jpg 600w, https:\/\/www.radiosanctispiritus.cu\/es\/wp-content\/uploads\/Labiofam-6-1024x762.jpg 1024w, https:\/\/www.radiosanctispiritus.cu\/es\/wp-content\/uploads\/Labiofam-6-768x571.jpg 768w, https:\/\/www.radiosanctispiritus.cu\/es\/wp-content\/uploads\/Labiofam-6-1536x1142.jpg 1536w, https:\/\/www.radiosanctispiritus.cu\/es\/wp-content\/uploads\/Labiofam-6-2048x1523.jpg 2048w\" sizes=\"(max-width: 600px) 100vw, 600px\" \/><p id=\"caption-attachment-67815\" class=\"wp-caption-text\">Los j\u00f3venes, una fuerza importante en Labiofam.<\/p><\/div>\n<p>La direcci\u00f3n de LABIOFAM tambi\u00e9n tiene rostro joven. La directora adjunta, Blanca Elena G\u00f3mez Borrell que apenas lleva un a\u00f1o en la entidad, habla con convicci\u00f3n:<\/p>\n<p>\u201cEl proyecto Consa, con financiamiento internacional, y el Cedrovida son nuestras principales apuestas. Tambi\u00e9n avanzamos en bioproductos para la agricultura, como la tricodema. Nuestro compromiso es satisfacer las demandas del pueblo.\u201d<\/p>\n<p>Su voz refleja no solo responsabilidad, sino tambi\u00e9n sue\u00f1os personales:<\/p>\n<p>\u201cHe cursado una maestr\u00eda en producciones m\u00e1s limpias. Mi sue\u00f1o es contribuir al desarrollo de LABIOFAM, mejorar la capacitaci\u00f3n del personal y que mi trabajo se convierta en una herramienta \u00fatil para todos.\u201d<\/p>\n<p>La juventud en la direcci\u00f3n es s\u00edmbolo de continuidad y renovaci\u00f3n, garant\u00eda de que la misi\u00f3n de la empresa seguir\u00e1 viva en las nuevas generaciones.<\/p>\n<p><strong>La huella de Rosaida<\/strong><\/p>\n<p><img decoding=\"async\" class=\"size-medium wp-image-59901 aligncenter\" src=\"https:\/\/www.radiosanctispiritus.cu\/es\/wp-content\/uploads\/Labiofam-Rosaida-600x450.jpg\" alt=\"\" width=\"600\" height=\"450\" srcset=\"https:\/\/www.radiosanctispiritus.cu\/es\/wp-content\/uploads\/Labiofam-Rosaida-600x450.jpg 600w, https:\/\/www.radiosanctispiritus.cu\/es\/wp-content\/uploads\/Labiofam-Rosaida-1024x768.jpg 1024w, https:\/\/www.radiosanctispiritus.cu\/es\/wp-content\/uploads\/Labiofam-Rosaida-768x576.jpg 768w, https:\/\/www.radiosanctispiritus.cu\/es\/wp-content\/uploads\/Labiofam-Rosaida.jpg 1032w\" sizes=\"(max-width: 600px) 100vw, 600px\" \/><\/p>\n<p>La directora general, Rosaida P\u00e9rez L\u00f3pez, ha expresado tambi\u00e9n lo que significa LABIOFAM para ella:<\/p>\n<p>\u201cLABIOFAM ha sido la mejor escuela que he pasado en mi vida porque aqu\u00ed he aprendido de todo. Alcanc\u00e9 mi madurez como persona y como dirigente, y me alegra mucho ser parte de su crecimiento.\u201d<\/p>\n<p>Su liderazgo ha guiado la diversificaci\u00f3n de la entidad hacia la salud animal, la agricultura y el medio ambiente, siempre con vocaci\u00f3n cient\u00edfica y sensibilidad humana.<\/p>\n<p><strong>Una misi\u00f3n compartida<\/strong><\/p>\n<div id=\"attachment_67805\" style=\"width: 610px\" class=\"wp-caption aligncenter\"><img decoding=\"async\" aria-describedby=\"caption-attachment-67805\" class=\"size-medium wp-image-67805\" src=\"https:\/\/www.radiosanctispiritus.cu\/es\/wp-content\/uploads\/Labiofam-1-1-600x413.jpg\" alt=\"\" width=\"600\" height=\"413\" srcset=\"https:\/\/www.radiosanctispiritus.cu\/es\/wp-content\/uploads\/Labiofam-1-1-600x413.jpg 600w, https:\/\/www.radiosanctispiritus.cu\/es\/wp-content\/uploads\/Labiofam-1-1-1024x705.jpg 1024w, https:\/\/www.radiosanctispiritus.cu\/es\/wp-content\/uploads\/Labiofam-1-1-768x528.jpg 768w, https:\/\/www.radiosanctispiritus.cu\/es\/wp-content\/uploads\/Labiofam-1-1-1536x1057.jpg 1536w, https:\/\/www.radiosanctispiritus.cu\/es\/wp-content\/uploads\/Labiofam-1-1-2048x1409.jpg 2048w\" sizes=\"(max-width: 600px) 100vw, 600px\" \/><p id=\"caption-attachment-67805\" class=\"wp-caption-text\">Labiofam Sancti Sp\u00edritus mereci\u00f3 por su quehacer la condici\u00f3n de Vanguardia Nacional. Fotos: Oscar Alfonso Sosa.<\/p><\/div>\n<p>Producci\u00f3n, investigaci\u00f3n y direcci\u00f3n se entrelazan en un mismo prop\u00f3sito: poner la ciencia al servicio del pueblo. La condici\u00f3n de Vanguardia Nacional no es solo un reconocimiento, sino un compromiso renovado. En LABIOFAM Sancti Sp\u00edritus, cada trabajador, cada investigador y cada dirigente sabe que su esfuerzo se traduce en bienestar colectivo.<\/p>\n<p>La cr\u00f3nica de esta empresa es la historia de un pa\u00eds que apuesta por la ciencia como camino de vida.<\/p>\n","protected":false},"excerpt":{"rendered":"<p>Detr\u00e1s de cada medicamento y cada proyecto de investigaci\u00f3n de la Empresa de Laboratorios Biol\u00f3gicos Farmac\u00e9uticos S.A. de Sancti Sp\u00edritus, late la certeza de que la ciencia puede transformar vidas.<\/p>\n","protected":false},"author":166,"featured_media":67811,"comment_status":"open","ping_status":"open","sticky":false,"template":"","format":"standard","meta":{"_acf_changed":false,"footnotes":""},"categories":[8,16,1],"tags":[335],"coauthors":[1901],"class_list":["post-68519","post","type-post","status-publish","format-standard","has-post-thumbnail","hentry","category-noticia","category-economia","category-sancti-spiritus","tag-labiofam"],"acf":[],"_links":{"self":[{"href":"https:\/\/www.radiosanctispiritus.cu\/es\/wp-json\/wp\/v2\/posts\/68519","targetHints":{"allow":["GET"]}}],"collection":[{"href":"https:\/\/www.radiosanctispiritus.cu\/es\/wp-json\/wp\/v2\/posts"}],"about":[{"href":"https:\/\/www.radiosanctispiritus.cu\/es\/wp-json\/wp\/v2\/types\/post"}],"author":[{"embeddable":true,"href":"https:\/\/www.radiosanctispiritus.cu\/es\/wp-json\/wp\/v2\/users\/166"}],"replies":[{"embeddable":true,"href":"https:\/\/www.radiosanctispiritus.cu\/es\/wp-json\/wp\/v2\/comments?post=68519"}],"version-history":[{"count":4,"href":"https:\/\/www.radiosanctispiritus.cu\/es\/wp-json\/wp\/v2\/posts\/68519\/revisions"}],"predecessor-version":[{"id":68523,"href":"https:\/\/www.radiosanctispiritus.cu\/es\/wp-json\/wp\/v2\/posts\/68519\/revisions\/68523"}],"wp:featuredmedia":[{"embeddable":true,"href":"https:\/\/www.radiosanctispiritus.cu\/es\/wp-json\/wp\/v2\/media\/67811"}],"wp:attachment":[{"href":"https:\/\/www.radiosanctispiritus.cu\/es\/wp-json\/wp\/v2\/media?parent=68519"}],"wp:term":[{"taxonomy":"category","embeddable":true,"href":"https:\/\/www.radiosanctispiritus.cu\/es\/wp-json\/wp\/v2\/categories?post=68519"},{"taxonomy":"post_tag","embeddable":true,"href":"https:\/\/www.radiosanctispiritus.cu\/es\/wp-json\/wp\/v2\/tags?post=68519"},{"taxonomy":"author","embeddable":true,"href":"https:\/\/www.radiosanctispiritus.cu\/es\/wp-json\/wp\/v2\/coauthors?post=68519"}],"curies":[{"name":"wp","href":"https:\/\/api.w.org\/{rel}","templated":true}]}}