{"id":68512,"date":"2026-04-27T17:46:37","date_gmt":"2026-04-27T21:46:37","guid":{"rendered":"https:\/\/www.radiosanctispiritus.cu\/es\/?p=68512"},"modified":"2026-04-27T17:46:37","modified_gmt":"2026-04-27T21:46:37","slug":"comenzo-campana-nacional-de-vacunacion-antipoliomielitica","status":"publish","type":"post","link":"https:\/\/www.radiosanctispiritus.cu\/es\/comenzo-campana-nacional-de-vacunacion-antipoliomielitica\/","title":{"rendered":"Comenz\u00f3 Campa\u00f1a Nacional de Vacunaci\u00f3n Antipoliomiel\u00edtica"},"content":{"rendered":"<div class=\"md:prose-p:first:mt-0 prose-figcaption:mb-4 prose-p:text-lg prose-p:text-gray-900 prose-p:dark:text-slate-400 prose-a:text-lg prose-a:text-red-600 prose-a:font-lato prose-a:no-underline prose-a:hover:underline\">\n<p><strong>La 65 Campa\u00f1a Nacional de Vacunaci\u00f3n Antipoliomiel\u00edtica oral bivalente inici\u00f3 hoy en La Habana y se extender\u00e1 a todo el pa\u00eds,<\/strong> lo cual representa uno de los logros de la salud p\u00fablica cubana, pues garantiza que todos los ni\u00f1os est\u00e9n libres de esa enfermedad.<\/p>\n<p>La doctora Daniuska Hern\u00e1ndez Gri\u00f1\u00e1n, jefa del Programa Nacional de Inmunizaci\u00f3n y Vigilancia de Enfermedades Inmuno Prevenibles del Ministerio de Salud P\u00fablica, en exclusiva con la ACN, explic\u00f3 que <strong>se vacunar\u00e1 con dos dosis (dos gotas) en las dos etapas a los ni\u00f1os que tengan m\u00e1s de un mes de nacidos y no hayan cumplido los tres a\u00f1os.\u00a0<\/strong><\/p>\n<p>Tambi\u00e9n se reactivar\u00e1 con una dosis (una gota) a los ni\u00f1os de nueve a\u00f1os de edad en la segunda etapa.<\/p>\n<p>Precis\u00f3 que la primera etapa ocurrir\u00e1 desde hoy y hasta el 2 de mayo, y del 4 al 9 de mayo ser\u00e1 la recuperaci\u00f3n para aquellos ni\u00f1os que no pudieron vacunarse por alguna raz\u00f3n; mientras que la segunda etapa est\u00e1 prevista del 15 al 20 de junio, e igualmente tendr\u00e1 d\u00edas de recuperaci\u00f3n del 22 al 27 de junio.<\/p>\n<p>La especialista destac\u00f3 que en total ser\u00e1n inmunizados 343 mil 296 infantes, lo que constituye un alto esfuerzo pues se trata de una vacuna que debe importarse, y demuestra la importancia que tiene para el pa\u00eds la Salud P\u00fablica, y en especial la atenci\u00f3n de los menores.<\/p>\n<p>Este proceso coincide con la 24 Semana de Vacunaci\u00f3n de las Am\u00e9ricas y la 15 Semana Mundial de Inmunizaci\u00f3n que se realizan bajo el lema: T\u00fa decisi\u00f3n marca la diferencia.<\/p>\n<p>La poliomielitis es una enfermedad grave y potencialmente incapacitante, fue eliminada en Cuba en 1962, luego de una campa\u00f1a de cuatro meses.<\/p>\n<\/div>\n<div id=\"mod-custom297\" class=\"mod-custom custom\"><strong>(Con informaci\u00f3n de ACN)<\/strong><\/div>\n","protected":false},"excerpt":{"rendered":"<p>La 65 Campa\u00f1a Nacional de Vacunaci\u00f3n Antipoliomiel\u00edtica oral bivalente inici\u00f3 hoy en La Habana y se extender\u00e1 a todo el pa\u00eds, lo cual representa uno de los logros de la salud p\u00fablica cubana, pues garantiza que todos los ni\u00f1os est\u00e9n libres de esa enfermedad.<\/p>\n","protected":false},"author":26,"featured_media":68513,"comment_status":"open","ping_status":"open","sticky":false,"template":"","format":"standard","meta":{"_acf_changed":false,"footnotes":""},"categories":[8,3,5],"tags":[],"coauthors":[1887],"class_list":["post-68512","post","type-post","status-publish","format-standard","has-post-thumbnail","hentry","category-noticia","category-cuba","category-salud"],"acf":[],"_links":{"self":[{"href":"https:\/\/www.radiosanctispiritus.cu\/es\/wp-json\/wp\/v2\/posts\/68512","targetHints":{"allow":["GET"]}}],"collection":[{"href":"https:\/\/www.radiosanctispiritus.cu\/es\/wp-json\/wp\/v2\/posts"}],"about":[{"href":"https:\/\/www.radiosanctispiritus.cu\/es\/wp-json\/wp\/v2\/types\/post"}],"author":[{"embeddable":true,"href":"https:\/\/www.radiosanctispiritus.cu\/es\/wp-json\/wp\/v2\/users\/26"}],"replies":[{"embeddable":true,"href":"https:\/\/www.radiosanctispiritus.cu\/es\/wp-json\/wp\/v2\/comments?post=68512"}],"version-history":[{"count":1,"href":"https:\/\/www.radiosanctispiritus.cu\/es\/wp-json\/wp\/v2\/posts\/68512\/revisions"}],"predecessor-version":[{"id":68514,"href":"https:\/\/www.radiosanctispiritus.cu\/es\/wp-json\/wp\/v2\/posts\/68512\/revisions\/68514"}],"wp:featuredmedia":[{"embeddable":true,"href":"https:\/\/www.radiosanctispiritus.cu\/es\/wp-json\/wp\/v2\/media\/68513"}],"wp:attachment":[{"href":"https:\/\/www.radiosanctispiritus.cu\/es\/wp-json\/wp\/v2\/media?parent=68512"}],"wp:term":[{"taxonomy":"category","embeddable":true,"href":"https:\/\/www.radiosanctispiritus.cu\/es\/wp-json\/wp\/v2\/categories?post=68512"},{"taxonomy":"post_tag","embeddable":true,"href":"https:\/\/www.radiosanctispiritus.cu\/es\/wp-json\/wp\/v2\/tags?post=68512"},{"taxonomy":"author","embeddable":true,"href":"https:\/\/www.radiosanctispiritus.cu\/es\/wp-json\/wp\/v2\/coauthors?post=68512"}],"curies":[{"name":"wp","href":"https:\/\/api.w.org\/{rel}","templated":true}]}}