{"id":68498,"date":"2026-04-27T15:39:13","date_gmt":"2026-04-27T19:39:13","guid":{"rendered":"https:\/\/www.radiosanctispiritus.cu\/es\/?p=68498"},"modified":"2026-04-27T15:39:13","modified_gmt":"2026-04-27T19:39:13","slug":"historia-de-la-bicicleta","status":"publish","type":"post","link":"https:\/\/www.radiosanctispiritus.cu\/es\/historia-de-la-bicicleta\/","title":{"rendered":"Historia de la Bicicleta"},"content":{"rendered":"<p>La bicicleta naci\u00f3 en el siglo XIX con la \u201cdraisiana\u201d de Karl Drais (1817), y desde entonces ha evolucionado hasta convertirse en uno de los medios de transporte m\u00e1s usados del mundo, con m\u00e1s de mil millones de unidades en circulaci\u00f3n. Su historia est\u00e1 marcada por inventores europeos que fueron a\u00f1adiendo pedales, cadenas y ruedas m\u00e1s seguras, hasta llegar al dise\u00f1o moderno que apenas ha cambiado desde 1885.<\/p>\n<p><iframe src=\"https:\/\/www.ivoox.com\/player_ej_172642756_6_1.html?c1=be723a\" width=\"100%\" height=\"200\" frameborder=\"0\" scrolling=\"no\" allowfullscreen=\"allowfullscreen\"><\/iframe><\/p>\n","protected":false},"excerpt":{"rendered":"<p>La bicicleta naci\u00f3 en el siglo XIX con la \u201cdraisiana\u201d de Karl Drais (1817), y desde entonces ha evolucionado hasta convertirse en uno de los medios de transporte m\u00e1s usados del mundo, con m\u00e1s de mil millones de unidades en circulaci\u00f3n.<\/p>\n","protected":false},"author":4,"featured_media":68499,"comment_status":"open","ping_status":"open","sticky":false,"template":"","format":"audio","meta":{"_acf_changed":false,"footnotes":""},"categories":[10,1233],"tags":[],"coauthors":[1883],"class_list":["post-68498","post","type-post","status-publish","format-audio","has-post-thumbnail","hentry","category-programas-de-radio","category-la-aldaba-oportuna","post_format-post-format-audio"],"acf":[],"_links":{"self":[{"href":"https:\/\/www.radiosanctispiritus.cu\/es\/wp-json\/wp\/v2\/posts\/68498","targetHints":{"allow":["GET"]}}],"collection":[{"href":"https:\/\/www.radiosanctispiritus.cu\/es\/wp-json\/wp\/v2\/posts"}],"about":[{"href":"https:\/\/www.radiosanctispiritus.cu\/es\/wp-json\/wp\/v2\/types\/post"}],"author":[{"embeddable":true,"href":"https:\/\/www.radiosanctispiritus.cu\/es\/wp-json\/wp\/v2\/users\/4"}],"replies":[{"embeddable":true,"href":"https:\/\/www.radiosanctispiritus.cu\/es\/wp-json\/wp\/v2\/comments?post=68498"}],"version-history":[{"count":1,"href":"https:\/\/www.radiosanctispiritus.cu\/es\/wp-json\/wp\/v2\/posts\/68498\/revisions"}],"predecessor-version":[{"id":68500,"href":"https:\/\/www.radiosanctispiritus.cu\/es\/wp-json\/wp\/v2\/posts\/68498\/revisions\/68500"}],"wp:featuredmedia":[{"embeddable":true,"href":"https:\/\/www.radiosanctispiritus.cu\/es\/wp-json\/wp\/v2\/media\/68499"}],"wp:attachment":[{"href":"https:\/\/www.radiosanctispiritus.cu\/es\/wp-json\/wp\/v2\/media?parent=68498"}],"wp:term":[{"taxonomy":"category","embeddable":true,"href":"https:\/\/www.radiosanctispiritus.cu\/es\/wp-json\/wp\/v2\/categories?post=68498"},{"taxonomy":"post_tag","embeddable":true,"href":"https:\/\/www.radiosanctispiritus.cu\/es\/wp-json\/wp\/v2\/tags?post=68498"},{"taxonomy":"author","embeddable":true,"href":"https:\/\/www.radiosanctispiritus.cu\/es\/wp-json\/wp\/v2\/coauthors?post=68498"}],"curies":[{"name":"wp","href":"https:\/\/api.w.org\/{rel}","templated":true}]}}