{"id":68488,"date":"2026-04-27T18:30:33","date_gmt":"2026-04-27T22:30:33","guid":{"rendered":"https:\/\/www.radiosanctispiritus.cu\/es\/?p=68488"},"modified":"2026-04-27T20:50:37","modified_gmt":"2026-04-28T00:50:37","slug":"activos-trabajadores-espirituanos-previo-a-celebracion-del-primero-de-mayo","status":"publish","type":"post","link":"https:\/\/www.radiosanctispiritus.cu\/es\/activos-trabajadores-espirituanos-previo-a-celebracion-del-primero-de-mayo\/","title":{"rendered":"Activos trabajadores espirituanos previo a celebraci\u00f3n del Primero de Mayo"},"content":{"rendered":"<p>En medio de las dif\u00edciles circunstancias que vive el pa\u00eds, la Central de Trabajadores de Cuba y sus sindicatos en la provincia de Sancti Sp\u00edritus han desplegado un variado plan de acciones para celebrar el D\u00eda Mundial del Proletariado.<\/p>\n<p>\u201cTenemos concebido todos los fines de semana trabajos voluntarios en todos los colectivos laborales, en todos los municipios, para favorecer todo lo que tiene que ver con la producci\u00f3n de alimentos y la zafra azucarera\u201d.<\/p>\n<p>\u201cEstamos entregando en esta fecha la bandera a colectivos vanguardias nacionales, es supuesto, un desempe\u00f1o exitoso en el a\u00f1o 2025, y que en este caso son 25 colectivos que nosotros estamos estimulando por el desempe\u00f1o de su colectivo de trabajadores y su direcci\u00f3n administrativa\u201d.<\/p>\n<p>\u201cEstamos convocando a los trabajadores a hacer donaciones, estamos preparando una canastilla para ser entregada el Primero de mayo al primer ni\u00f1o que nazca en esta jornada\u201d.<\/p>\n<p>Esto lo afirm\u00f3 la miembro del Comit\u00e9 Central del Partido y secretaria general de la organizaci\u00f3n en el territorio, Ekaterina Gowen Dickinson.<\/p>\n<p>\u201cVamos a desarrollar tambi\u00e9n el desfile martiano en cada uno de los municipios, una iniciativa que desde hace dos a\u00f1os estamos desarrollando y eso ha tenido buena acogida entre los trabajadores del sector de la educaci\u00f3n, entre los ni\u00f1os tambi\u00e9n. Estamos pensando hacerlo en el Consejo Popular de Jes\u00fas Mar\u00eda, en la ciudad de Sancti Sp\u00edritus y as\u00ed lo vamos a desarrollar en todos los municipios\u201d. \u201cEs importante insistir en que estamos convocando a todo el pueblo espirituano a participar en los desfiles del primero de mayo, en todas las cabeceras municipales\u201d.<br \/>\n<iframe src=\"https:\/\/www.ivoox.com\/player_ej_172632044_6_1.html?c1=7a0d0b\" width=\"100%\" height=\"200\" frameborder=\"0\" scrolling=\"no\" allowfullscreen=\"allowfullscreen\"><\/iframe><\/p>\n","protected":false},"excerpt":{"rendered":"<p>En medio de las dif\u00edciles circunstancias que vive el pa\u00eds, la Central de Trabajadores de Cuba y sus sindicatos en la provincia de Sancti Sp\u00edritus han desplegado un variado plan de acciones para celebrar el D\u00eda Mundial del Proletariado.<\/p>\n","protected":false},"author":173,"featured_media":9945,"comment_status":"open","ping_status":"open","sticky":false,"template":"","format":"standard","meta":{"_acf_changed":false,"footnotes":""},"categories":[9,1],"tags":[],"coauthors":[1865],"class_list":["post-68488","post","type-post","status-publish","format-standard","has-post-thumbnail","hentry","category-en-audio","category-sancti-spiritus"],"acf":[],"_links":{"self":[{"href":"https:\/\/www.radiosanctispiritus.cu\/es\/wp-json\/wp\/v2\/posts\/68488","targetHints":{"allow":["GET"]}}],"collection":[{"href":"https:\/\/www.radiosanctispiritus.cu\/es\/wp-json\/wp\/v2\/posts"}],"about":[{"href":"https:\/\/www.radiosanctispiritus.cu\/es\/wp-json\/wp\/v2\/types\/post"}],"author":[{"embeddable":true,"href":"https:\/\/www.radiosanctispiritus.cu\/es\/wp-json\/wp\/v2\/users\/173"}],"replies":[{"embeddable":true,"href":"https:\/\/www.radiosanctispiritus.cu\/es\/wp-json\/wp\/v2\/comments?post=68488"}],"version-history":[{"count":6,"href":"https:\/\/www.radiosanctispiritus.cu\/es\/wp-json\/wp\/v2\/posts\/68488\/revisions"}],"predecessor-version":[{"id":68518,"href":"https:\/\/www.radiosanctispiritus.cu\/es\/wp-json\/wp\/v2\/posts\/68488\/revisions\/68518"}],"wp:featuredmedia":[{"embeddable":true,"href":"https:\/\/www.radiosanctispiritus.cu\/es\/wp-json\/wp\/v2\/media\/9945"}],"wp:attachment":[{"href":"https:\/\/www.radiosanctispiritus.cu\/es\/wp-json\/wp\/v2\/media?parent=68488"}],"wp:term":[{"taxonomy":"category","embeddable":true,"href":"https:\/\/www.radiosanctispiritus.cu\/es\/wp-json\/wp\/v2\/categories?post=68488"},{"taxonomy":"post_tag","embeddable":true,"href":"https:\/\/www.radiosanctispiritus.cu\/es\/wp-json\/wp\/v2\/tags?post=68488"},{"taxonomy":"author","embeddable":true,"href":"https:\/\/www.radiosanctispiritus.cu\/es\/wp-json\/wp\/v2\/coauthors?post=68488"}],"curies":[{"name":"wp","href":"https:\/\/api.w.org\/{rel}","templated":true}]}}