{"id":68487,"date":"2026-04-27T18:12:32","date_gmt":"2026-04-27T22:12:32","guid":{"rendered":"https:\/\/www.radiosanctispiritus.cu\/es\/?p=68487"},"modified":"2026-04-27T20:45:39","modified_gmt":"2026-04-28T00:45:39","slug":"68487-2","status":"publish","type":"post","link":"https:\/\/www.radiosanctispiritus.cu\/es\/68487-2\/","title":{"rendered":"Realizan donativo trabajadores de la administraci\u00f3n p\u00fablica a Hogar Provincial de Ancianos"},"content":{"rendered":"<p>La pol\u00edtica genocida del gobierno de Estados Unidos contra el pueblo cubano golpea severamente sectores como la salud y su red institucional.<\/p>\n<p>Los apoyamientos que antes ven\u00edan procedentes del CERVISAC se han visto afectados no solamente en los hogares, en los propios policl\u00ednicos, en hospitales.<\/p>\n<p>Y para garantizar la atenci\u00f3n a los abuelos en cti este caso, siempre ha estado presente la mano solidaria de los sindicatos, de los trabajadores de Santic Sp\u00edritus.<\/p>\n<p>El licenciado Jorge V\u00edctor Hern\u00e1ndez, director del Hogar de Ancianos Provincial en Sancti Sp\u00edritus, reconoce que a pesar de esta compleja situaci\u00f3n, la solidaridad y humanismo de los trabajadores favorece la atenci\u00f3n de los ancianos en esta instituci\u00f3n espirituana.<\/p>\n<p>El reciente donativo del Sindicato de la Administraci\u00f3n P\u00fablica es muestra de ello. Recibieron piezas de se\u00f1ora, pantalones, ropa interior, algunos pares de media, aseo.<\/p>\n<p>Este gesto humanitario forma parte de las actividades de la CTC espirituana en saludo al 1 de mayo.<\/p>\n<p>Zayda Urquiza D\u00edaz, secretaria general del Sindicato de la Administraci\u00f3n P\u00fablica, as\u00ed lo constata.<\/p>\n<p>\u201cContralor\u00eda, Tribunal, Fiscal\u00eda, la ANIR, la sucursal 5232 del BPA, Empresa de Seguridad y Protecci\u00f3n y el Gobierno Provincial. Con este lindo gesto que nos caracteriza, este sentimiento de solidaridad y unidad que nos mueve a dar sin recibir nada a cambio, \u00a0valores humanos muy importantes en los momentos dif\u00edciles que vivimos y es la manera de honrar a nuestro comandante en jefe en su centenario, al 22 Congreso de la CTC y a la Tercera Conferencia de Trabajadores de la Administraci\u00f3n P\u00fablica.<\/p>\n<p><iframe src=\"https:\/\/www.ivoox.com\/player_ej_172632221_6_1.html?c1=7a0d0b\" width=\"100%\" height=\"200\" frameborder=\"0\" scrolling=\"no\" allowfullscreen=\"allowfullscreen\"><\/iframe><\/p>\n","protected":false},"excerpt":{"rendered":"<p>La pol\u00edtica genocida del gobierno de Estados Unidos contra el pueblo cubano golpea severamente sectores como la salud y su red institucional. Los apoyamientos que antes ven\u00edan procedentes del CERVISAC se han visto afectados no solamente en los hogares, en los propios policl\u00ednicos, en hospitales. Y para garantizar la atenci\u00f3n a los abuelos en cti [&hellip;]<\/p>\n","protected":false},"author":151,"featured_media":68506,"comment_status":"open","ping_status":"open","sticky":false,"template":"","format":"standard","meta":{"_acf_changed":false,"footnotes":""},"categories":[9],"tags":[],"coauthors":[1941],"class_list":["post-68487","post","type-post","status-publish","format-standard","has-post-thumbnail","hentry","category-en-audio"],"acf":[],"_links":{"self":[{"href":"https:\/\/www.radiosanctispiritus.cu\/es\/wp-json\/wp\/v2\/posts\/68487","targetHints":{"allow":["GET"]}}],"collection":[{"href":"https:\/\/www.radiosanctispiritus.cu\/es\/wp-json\/wp\/v2\/posts"}],"about":[{"href":"https:\/\/www.radiosanctispiritus.cu\/es\/wp-json\/wp\/v2\/types\/post"}],"author":[{"embeddable":true,"href":"https:\/\/www.radiosanctispiritus.cu\/es\/wp-json\/wp\/v2\/users\/151"}],"replies":[{"embeddable":true,"href":"https:\/\/www.radiosanctispiritus.cu\/es\/wp-json\/wp\/v2\/comments?post=68487"}],"version-history":[{"count":4,"href":"https:\/\/www.radiosanctispiritus.cu\/es\/wp-json\/wp\/v2\/posts\/68487\/revisions"}],"predecessor-version":[{"id":68515,"href":"https:\/\/www.radiosanctispiritus.cu\/es\/wp-json\/wp\/v2\/posts\/68487\/revisions\/68515"}],"wp:featuredmedia":[{"embeddable":true,"href":"https:\/\/www.radiosanctispiritus.cu\/es\/wp-json\/wp\/v2\/media\/68506"}],"wp:attachment":[{"href":"https:\/\/www.radiosanctispiritus.cu\/es\/wp-json\/wp\/v2\/media?parent=68487"}],"wp:term":[{"taxonomy":"category","embeddable":true,"href":"https:\/\/www.radiosanctispiritus.cu\/es\/wp-json\/wp\/v2\/categories?post=68487"},{"taxonomy":"post_tag","embeddable":true,"href":"https:\/\/www.radiosanctispiritus.cu\/es\/wp-json\/wp\/v2\/tags?post=68487"},{"taxonomy":"author","embeddable":true,"href":"https:\/\/www.radiosanctispiritus.cu\/es\/wp-json\/wp\/v2\/coauthors?post=68487"}],"curies":[{"name":"wp","href":"https:\/\/api.w.org\/{rel}","templated":true}]}}