{"id":68486,"date":"2026-04-27T18:15:31","date_gmt":"2026-04-27T22:15:31","guid":{"rendered":"https:\/\/www.radiosanctispiritus.cu\/es\/?p=68486"},"modified":"2026-04-27T15:36:31","modified_gmt":"2026-04-27T19:36:31","slug":"apuran-el-paso-educadores-de-yaguajay-ante-proximidad-de-pruebas-de-ingreso","status":"publish","type":"post","link":"https:\/\/www.radiosanctispiritus.cu\/es\/apuran-el-paso-educadores-de-yaguajay-ante-proximidad-de-pruebas-de-ingreso\/","title":{"rendered":"Apuran el paso educadores de Yaguajay ante proximidad de pruebas de ingreso"},"content":{"rendered":"<p>El sector educativo en Yaguajay refuerza la preparaci\u00f3n para las venideras pruebas de ingreso a la educaci\u00f3n superior, que acontecer\u00e1n en el mes de junio, los d\u00edas 5, 9 y 12, donde 83 de los 148 alumnos de nivel medio aqu\u00ed aspiran a obtener una carrera para continuar estudios universitarios.<\/p>\n<p>Seg\u00fan informaciones aportadas por la metod\u00f3loga de la ense\u00f1anza preuniversitaria en el norte de Espirituano, Daisy Julia M\u00e9ndez Su\u00e1rez, \u201cseg\u00fan proyecciones hasta la fecha, vencer\u00e1n de forma satisfactoria 57 educandos de los centros mixtos Ignacio Agramonte de la cabecera municipal, Felino Rodr\u00edguez de Meneses, Marcelo Salado de Mayajigua y M\u00e1rtires de Granada en Venegas, para un total del 68.67% de aprobados\u201d. Agreg\u00f3 \u00a0la funcionaria que en el caso del examen de matem\u00e1ticas a efectuarse el viernes 5 de junio se esperan 57 aprobados, espa\u00f1ol 72 el d\u00eda martes 9 de junio y la comprobaci\u00f3n nacional de historia que tiene fecha programada para el viernes 12 contar\u00e1 con 68 alumnos con resultados satisfactorios en la tierra de Ra\u00fal Ferrer P\u00e9rez, acorde a lo esperado\u201d.<\/p>\n<p>Finaliz\u00f3 M\u00e9ndez Su\u00e1rez destacando que \u201cse implementan estrategias para llevar a estos j\u00f3venes con buena preparaci\u00f3n a los ex\u00e1menes, como apadrinamiento de estudiantes deficientes por aventajados para su atenci\u00f3n en las noches y fin de semana, trabajo en el horario de la tarde con alumnos con dificultades, confecci\u00f3n de horario docente solo con las asignaturas de ingreso, trabajando en la ma\u00f1ana en repasos de contenidos, realizaci\u00f3n y debate de pruebas de este tipo, entre otros\u201d.<br \/>\n<iframe src=\"https:\/\/www.ivoox.com\/player_ej_172637963_6_1.html\" width=\"100%\" height=\"200\" frameborder=\"0\" scrolling=\"no\" allowfullscreen=\"allowfullscreen\"><\/iframe><\/p>\n","protected":false},"excerpt":{"rendered":"<p>El sector educativo en Yaguajay refuerza la preparaci\u00f3n para las venideras pruebas de ingreso a la educaci\u00f3n superior, que acontecer\u00e1n en el mes de junio, los d\u00edas 5, 9 y 12, donde 83 de los 148 alumnos de nivel medio aqu\u00ed aspiran a obtener una carrera para continuar estudios universitarios. Seg\u00fan informaciones aportadas por la [&hellip;]<\/p>\n","protected":false},"author":146,"featured_media":68496,"comment_status":"open","ping_status":"open","sticky":false,"template":"","format":"standard","meta":{"_acf_changed":false,"footnotes":""},"categories":[14,9],"tags":[],"coauthors":[1922],"class_list":["post-68486","post","type-post","status-publish","format-standard","has-post-thumbnail","hentry","category-educacion","category-en-audio"],"acf":[],"_links":{"self":[{"href":"https:\/\/www.radiosanctispiritus.cu\/es\/wp-json\/wp\/v2\/posts\/68486","targetHints":{"allow":["GET"]}}],"collection":[{"href":"https:\/\/www.radiosanctispiritus.cu\/es\/wp-json\/wp\/v2\/posts"}],"about":[{"href":"https:\/\/www.radiosanctispiritus.cu\/es\/wp-json\/wp\/v2\/types\/post"}],"author":[{"embeddable":true,"href":"https:\/\/www.radiosanctispiritus.cu\/es\/wp-json\/wp\/v2\/users\/146"}],"replies":[{"embeddable":true,"href":"https:\/\/www.radiosanctispiritus.cu\/es\/wp-json\/wp\/v2\/comments?post=68486"}],"version-history":[{"count":1,"href":"https:\/\/www.radiosanctispiritus.cu\/es\/wp-json\/wp\/v2\/posts\/68486\/revisions"}],"predecessor-version":[{"id":68497,"href":"https:\/\/www.radiosanctispiritus.cu\/es\/wp-json\/wp\/v2\/posts\/68486\/revisions\/68497"}],"wp:featuredmedia":[{"embeddable":true,"href":"https:\/\/www.radiosanctispiritus.cu\/es\/wp-json\/wp\/v2\/media\/68496"}],"wp:attachment":[{"href":"https:\/\/www.radiosanctispiritus.cu\/es\/wp-json\/wp\/v2\/media?parent=68486"}],"wp:term":[{"taxonomy":"category","embeddable":true,"href":"https:\/\/www.radiosanctispiritus.cu\/es\/wp-json\/wp\/v2\/categories?post=68486"},{"taxonomy":"post_tag","embeddable":true,"href":"https:\/\/www.radiosanctispiritus.cu\/es\/wp-json\/wp\/v2\/tags?post=68486"},{"taxonomy":"author","embeddable":true,"href":"https:\/\/www.radiosanctispiritus.cu\/es\/wp-json\/wp\/v2\/coauthors?post=68486"}],"curies":[{"name":"wp","href":"https:\/\/api.w.org\/{rel}","templated":true}]}}