{"id":68485,"date":"2026-04-27T18:20:29","date_gmt":"2026-04-27T22:20:29","guid":{"rendered":"https:\/\/www.radiosanctispiritus.cu\/es\/?p=68485"},"modified":"2026-04-27T15:32:40","modified_gmt":"2026-04-27T19:32:40","slug":"modulos-fotovoltaicos-favorecen-atencion-en-policlinico-espirituano","status":"publish","type":"post","link":"https:\/\/www.radiosanctispiritus.cu\/es\/modulos-fotovoltaicos-favorecen-atencion-en-policlinico-espirituano\/","title":{"rendered":"M\u00f3dulos fotovoltaicos favorecen atenci\u00f3n en Policl\u00ednico espirituano"},"content":{"rendered":"<p>Con la instalaci\u00f3n de m\u00f3dulos fotovoltaicos de 2 kW en el Policl\u00ednico, Dr. Rudersindo Antonio Garc\u00eda del Rijo, del \u00c1rea Sur de Santi Esp\u00edritus, Se fortalece hoy la atenci\u00f3n primaria y asegura la continuidad de los servicios m\u00e9dicos en medio de las dificultades actuales.<\/p>\n<p>La incorporaci\u00f3n de esta tecnolog\u00eda representa un paso importante hacia la independencia energ\u00e9tica y contribuye a reducir el consumo de combustibles f\u00f3siles, lo cual favorece un modelo de desarrollo sostenible.<\/p>\n<p>De acuerdo con Yarley Ord\u00f3\u00f1ez Gonz\u00e1lez, director del referido centro, se priorizaron los servicios de urgencia y emergencia.<\/p>\n<p>\u201cContamos con la instalaci\u00f3n del sistema fotovoltaico. Esto nos permite garantizar la atenci\u00f3n de la urgencia y emergencia en nuestro cuerpo guardia las 24 horas del d\u00eda. Los servicios que se garantizan son la sala de terapia intensiva municipal, el cuerpo guardia, la sala de observaci\u00f3n, inyecciones, cura y los servicios de laboratorio, estomatolog\u00eda y rayos X, que son los servicios de urgencia que se brindan en nuestro policl\u00ednico\u201d.<br \/>\n<iframe src=\"https:\/\/www.ivoox.com\/player_ej_172641051_6_1.html?c1=7a0d0b\" width=\"100%\" height=\"200\" frameborder=\"0\" scrolling=\"no\" allowfullscreen=\"allowfullscreen\"><\/iframe><\/p>\n","protected":false},"excerpt":{"rendered":"<p>Con la instalaci\u00f3n de m\u00f3dulos fotovoltaicos de 2 kW en el Policl\u00ednico, Dr. Rudersindo Antonio Garc\u00eda del Rijo, del \u00c1rea Sur de Santi Esp\u00edritus, Se fortalece hoy la atenci\u00f3n primaria y asegura la continuidad de los servicios m\u00e9dicos en medio de las dificultades actuales. La incorporaci\u00f3n de esta tecnolog\u00eda representa un paso importante hacia la [&hellip;]<\/p>\n","protected":false},"author":197,"featured_media":68494,"comment_status":"open","ping_status":"open","sticky":false,"template":"","format":"standard","meta":{"_acf_changed":false,"footnotes":""},"categories":[9,5,1],"tags":[],"coauthors":[2118],"class_list":["post-68485","post","type-post","status-publish","format-standard","has-post-thumbnail","hentry","category-en-audio","category-salud","category-sancti-spiritus"],"acf":[],"_links":{"self":[{"href":"https:\/\/www.radiosanctispiritus.cu\/es\/wp-json\/wp\/v2\/posts\/68485","targetHints":{"allow":["GET"]}}],"collection":[{"href":"https:\/\/www.radiosanctispiritus.cu\/es\/wp-json\/wp\/v2\/posts"}],"about":[{"href":"https:\/\/www.radiosanctispiritus.cu\/es\/wp-json\/wp\/v2\/types\/post"}],"author":[{"embeddable":true,"href":"https:\/\/www.radiosanctispiritus.cu\/es\/wp-json\/wp\/v2\/users\/197"}],"replies":[{"embeddable":true,"href":"https:\/\/www.radiosanctispiritus.cu\/es\/wp-json\/wp\/v2\/comments?post=68485"}],"version-history":[{"count":1,"href":"https:\/\/www.radiosanctispiritus.cu\/es\/wp-json\/wp\/v2\/posts\/68485\/revisions"}],"predecessor-version":[{"id":68495,"href":"https:\/\/www.radiosanctispiritus.cu\/es\/wp-json\/wp\/v2\/posts\/68485\/revisions\/68495"}],"wp:featuredmedia":[{"embeddable":true,"href":"https:\/\/www.radiosanctispiritus.cu\/es\/wp-json\/wp\/v2\/media\/68494"}],"wp:attachment":[{"href":"https:\/\/www.radiosanctispiritus.cu\/es\/wp-json\/wp\/v2\/media?parent=68485"}],"wp:term":[{"taxonomy":"category","embeddable":true,"href":"https:\/\/www.radiosanctispiritus.cu\/es\/wp-json\/wp\/v2\/categories?post=68485"},{"taxonomy":"post_tag","embeddable":true,"href":"https:\/\/www.radiosanctispiritus.cu\/es\/wp-json\/wp\/v2\/tags?post=68485"},{"taxonomy":"author","embeddable":true,"href":"https:\/\/www.radiosanctispiritus.cu\/es\/wp-json\/wp\/v2\/coauthors?post=68485"}],"curies":[{"name":"wp","href":"https:\/\/api.w.org\/{rel}","templated":true}]}}