{"id":68481,"date":"2026-04-27T14:58:00","date_gmt":"2026-04-27T18:58:00","guid":{"rendered":"https:\/\/www.radiosanctispiritus.cu\/es\/?p=68481"},"modified":"2026-04-27T15:54:46","modified_gmt":"2026-04-27T19:54:46","slug":"encabezaran-educadores-desfile-por-dia-internacional-de-los-trabajadores-en-cabaiguan","status":"publish","type":"post","link":"https:\/\/www.radiosanctispiritus.cu\/es\/encabezaran-educadores-desfile-por-dia-internacional-de-los-trabajadores-en-cabaiguan\/","title":{"rendered":"Encabezar\u00e1n educadores desfile por D\u00eda Internacional de los Trabajadores en Cabaigu\u00e1n"},"content":{"rendered":"<p class=\"ds-markdown-paragraph\">El sector de la Educaci\u00f3n abrir\u00e1 el desfile este Primero de Mayo en Cabaigu\u00e1n, seg\u00fan inform\u00f3 a esta emisora Emilka Fern\u00e1ndez Campo, secretaria general de la Central de Trabajadores de Cuba en el municipio.<\/p>\n<p class=\"ds-markdown-paragraph\">\u201cPor los resultados, por ese compromiso, por esa entrega, es merecido darle el primer lugar en el desfile al sindicato de la Educaci\u00f3n, la Ciencia y el Deporte\u201d, afirm\u00f3 la dirigente sindical.<\/p>\n<p class=\"ds-markdown-paragraph\">La decisi\u00f3n reconoce la labor destacada de los trabajadores del sector en el territorio, quienes con su esfuerzo diario contribuyen a la formaci\u00f3n de las nuevas generaciones y al desarrollo integral de la comunidad cabaiguanense.<\/p>\n<p><iframe src=\"https:\/\/www.ivoox.com\/player_ej_172637263_6_1.html?c1=7a0d0b\" width=\"100%\" height=\"200\" frameborder=\"0\" scrolling=\"no\" allowfullscreen=\"allowfullscreen\"><\/iframe><\/p>\n","protected":false},"excerpt":{"rendered":"<p>El sector de la Educaci\u00f3n abrir\u00e1 el desfile este Primero de Mayo en Cabaigu\u00e1n, seg\u00fan inform\u00f3 a esta emisora Emilka Fern\u00e1ndez Campo, secretaria general de la Central de Trabajadores de Cuba en el municipio.<\/p>\n","protected":false},"author":135,"featured_media":10425,"comment_status":"open","ping_status":"open","sticky":false,"template":"","format":"standard","meta":{"_acf_changed":false,"footnotes":""},"categories":[8,9],"tags":[],"coauthors":[1863],"class_list":["post-68481","post","type-post","status-publish","format-standard","has-post-thumbnail","hentry","category-noticia","category-en-audio"],"acf":[],"_links":{"self":[{"href":"https:\/\/www.radiosanctispiritus.cu\/es\/wp-json\/wp\/v2\/posts\/68481","targetHints":{"allow":["GET"]}}],"collection":[{"href":"https:\/\/www.radiosanctispiritus.cu\/es\/wp-json\/wp\/v2\/posts"}],"about":[{"href":"https:\/\/www.radiosanctispiritus.cu\/es\/wp-json\/wp\/v2\/types\/post"}],"author":[{"embeddable":true,"href":"https:\/\/www.radiosanctispiritus.cu\/es\/wp-json\/wp\/v2\/users\/135"}],"replies":[{"embeddable":true,"href":"https:\/\/www.radiosanctispiritus.cu\/es\/wp-json\/wp\/v2\/comments?post=68481"}],"version-history":[{"count":2,"href":"https:\/\/www.radiosanctispiritus.cu\/es\/wp-json\/wp\/v2\/posts\/68481\/revisions"}],"predecessor-version":[{"id":68483,"href":"https:\/\/www.radiosanctispiritus.cu\/es\/wp-json\/wp\/v2\/posts\/68481\/revisions\/68483"}],"wp:featuredmedia":[{"embeddable":true,"href":"https:\/\/www.radiosanctispiritus.cu\/es\/wp-json\/wp\/v2\/media\/10425"}],"wp:attachment":[{"href":"https:\/\/www.radiosanctispiritus.cu\/es\/wp-json\/wp\/v2\/media?parent=68481"}],"wp:term":[{"taxonomy":"category","embeddable":true,"href":"https:\/\/www.radiosanctispiritus.cu\/es\/wp-json\/wp\/v2\/categories?post=68481"},{"taxonomy":"post_tag","embeddable":true,"href":"https:\/\/www.radiosanctispiritus.cu\/es\/wp-json\/wp\/v2\/tags?post=68481"},{"taxonomy":"author","embeddable":true,"href":"https:\/\/www.radiosanctispiritus.cu\/es\/wp-json\/wp\/v2\/coauthors?post=68481"}],"curies":[{"name":"wp","href":"https:\/\/api.w.org\/{rel}","templated":true}]}}