{"id":68473,"date":"2026-04-27T14:36:16","date_gmt":"2026-04-27T18:36:16","guid":{"rendered":"https:\/\/www.radiosanctispiritus.cu\/es\/?p=68473"},"modified":"2026-04-27T14:36:16","modified_gmt":"2026-04-27T18:36:16","slug":"evaluan-en-yaguajay-labor-de-la-comunicacion-institucional","status":"publish","type":"post","link":"https:\/\/www.radiosanctispiritus.cu\/es\/evaluan-en-yaguajay-labor-de-la-comunicacion-institucional\/","title":{"rendered":"Eval\u00faan en Yaguajay labor de la comunicaci\u00f3n institucional"},"content":{"rendered":"<div class=\"ds-message _63c77b1\">\n<div class=\"ds-markdown\">\n<p class=\"ds-markdown-paragraph\">Un encuentro centrado en el trabajo de los comunicadores institucionales de Yaguajay tuvo lugar en las \u00faltimas horas en la sede del Poder Popular en la tierra de Camilo.<\/p>\n<p class=\"ds-markdown-paragraph\">Con la presencia de la funcionaria del Departamento Ideol\u00f3gico del Comit\u00e9 Central del Partido en la provincia, Betty Mursul\u00ed D\u00edaz, y Miriela Guerra Calero, responsable de la comunicaci\u00f3n institucional desde el gobierno local, estuvieron en la cita hombres y mujeres que visibilizan en redes sociales y otros espacios p\u00fablicos la labor y los logros de los organismos que representan.<\/p>\n<p><iframe src=\"https:\/\/www.ivoox.com\/player_ej_172558916_6_1.html?c1=7a0d0b\" width=\"100%\" height=\"200\" frameborder=\"0\" scrolling=\"no\" allowfullscreen=\"allowfullscreen\"><\/iframe><\/p>\n<\/div>\n<\/div>\n","protected":false},"excerpt":{"rendered":"<p>Un encuentro centrado en el trabajo de los comunicadores institucionales de Yaguajay tuvo lugar en las \u00faltimas horas en la sede del Poder Popular en la tierra de Camilo.<\/p>\n","protected":false},"author":146,"featured_media":68474,"comment_status":"open","ping_status":"open","sticky":false,"template":"","format":"standard","meta":{"_acf_changed":false,"footnotes":""},"categories":[8,9],"tags":[],"coauthors":[1922],"class_list":["post-68473","post","type-post","status-publish","format-standard","has-post-thumbnail","hentry","category-noticia","category-en-audio"],"acf":[],"_links":{"self":[{"href":"https:\/\/www.radiosanctispiritus.cu\/es\/wp-json\/wp\/v2\/posts\/68473","targetHints":{"allow":["GET"]}}],"collection":[{"href":"https:\/\/www.radiosanctispiritus.cu\/es\/wp-json\/wp\/v2\/posts"}],"about":[{"href":"https:\/\/www.radiosanctispiritus.cu\/es\/wp-json\/wp\/v2\/types\/post"}],"author":[{"embeddable":true,"href":"https:\/\/www.radiosanctispiritus.cu\/es\/wp-json\/wp\/v2\/users\/146"}],"replies":[{"embeddable":true,"href":"https:\/\/www.radiosanctispiritus.cu\/es\/wp-json\/wp\/v2\/comments?post=68473"}],"version-history":[{"count":1,"href":"https:\/\/www.radiosanctispiritus.cu\/es\/wp-json\/wp\/v2\/posts\/68473\/revisions"}],"predecessor-version":[{"id":68475,"href":"https:\/\/www.radiosanctispiritus.cu\/es\/wp-json\/wp\/v2\/posts\/68473\/revisions\/68475"}],"wp:featuredmedia":[{"embeddable":true,"href":"https:\/\/www.radiosanctispiritus.cu\/es\/wp-json\/wp\/v2\/media\/68474"}],"wp:attachment":[{"href":"https:\/\/www.radiosanctispiritus.cu\/es\/wp-json\/wp\/v2\/media?parent=68473"}],"wp:term":[{"taxonomy":"category","embeddable":true,"href":"https:\/\/www.radiosanctispiritus.cu\/es\/wp-json\/wp\/v2\/categories?post=68473"},{"taxonomy":"post_tag","embeddable":true,"href":"https:\/\/www.radiosanctispiritus.cu\/es\/wp-json\/wp\/v2\/tags?post=68473"},{"taxonomy":"author","embeddable":true,"href":"https:\/\/www.radiosanctispiritus.cu\/es\/wp-json\/wp\/v2\/coauthors?post=68473"}],"curies":[{"name":"wp","href":"https:\/\/api.w.org\/{rel}","templated":true}]}}