{"id":68456,"date":"2026-04-27T05:07:20","date_gmt":"2026-04-27T09:07:20","guid":{"rendered":"https:\/\/www.radiosanctispiritus.cu\/es\/?p=68456"},"modified":"2026-04-26T15:57:24","modified_gmt":"2026-04-26T19:57:24","slug":"cabaiguan-repasa-su-historia","status":"publish","type":"post","link":"https:\/\/www.radiosanctispiritus.cu\/es\/cabaiguan-repasa-su-historia\/","title":{"rendered":"Cabaigu\u00e1n repasa su historia"},"content":{"rendered":"<p>El rescate de la memoria hist\u00f3rica estuvo en el centro de los debates del Taller Anual de Historia Local en Cabaigu\u00e1n, certamen efectuado en la Casa Canaria Leonor P\u00e9rez Cabrera, con la presentaci\u00f3n de ocho ponencias de diferentes tem\u00e1ticas, defendidas por investigadores, muse\u00f3logos, historiadores y docentes de la localidad.<\/p>\n<p>En el certamen se imparti\u00f3 una conferencia relacionada con la importancia de preservar las tarjas en monumentos y sitios, como parte del patrimonio material legado por nuestros ancestros, tema en el cual, seg\u00fan criterios de los presentes, hay que continuar el accionar en favor del mantenimiento de algunos que presentan deterioro y maltrato.<\/p>\n<p>En cuanto a las ponencias presentadas, todas con una aprobada calidad, se destacaron las relacionadas con el surgimiento de la Sala Museo Casa Natal Elcire P\u00e9rez Gonz\u00e1lez de Guayos; Raquel Valdivia Campos, s\u00edmbolo de una mujer cabayuanense; y el rescate de la memoria hist\u00f3rica en 22 a\u00f1os de la emisora La Voz de Cabaigu\u00e1n.<\/p>\n<p>Ricardo Fern\u00e1ndez Labrada, asociado de la Uni\u00f3n de Historiadores en el territorio y presidente del jurado, ofreci\u00f3 sus impresiones acerca del evento. \u00abCada vez que asisto a un evento me voy m\u00e1s convencido de que Cabaigu\u00e1n tiene un potencial hist\u00f3rico muy importante. Los trabajos que aqu\u00ed se han presentado en el d\u00eda de hoy tienen una calidad tremenda. Se nos hace muy dif\u00edcil al jurado seleccionar tres trabajos. Porque realmente los ocho trabajos que se presentaron son de tremenda calidad.<br \/>\n\u00abY con estos eventos, con estos trabajos, estamos enriqueciendo la historia de nuestro municipio y dej\u00e1ndole a las futuras generaciones c\u00f3mo este municipio, a medida que el tiempo ha ido transcurriendo, ha ido progresando en el trabajo cultural, en el trabajo hist\u00f3rico, en el trabajo patrimonial.<\/p>\n<p>\u00abY adem\u00e1s, con este evento estamos dando respuesta al llamado que nos hizo nuestro ministro de que a pesar de las condiciones dif\u00edciles en que nos estamos desenvolviendo hoy, no pod\u00eda haber apag\u00f3n cultural. Este evento sesion\u00f3 bajo el lema de amar las glorias pasadas, sacamos fuerza para conquistar gloria futura\u00bb.<\/p>\n<p>El taller de historia local 2026 en Cabaigu\u00e1n estuvo dedicado al centenario de la municipalidad del territorio y a los 44 a\u00f1os del Museo Municipal General.<\/p>\n<p><iframe src=\"https:\/\/www.ivoox.com\/player_ej_172558688_6_1.html?c1=7a0d0b\" width=\"100%\" height=\"200\" frameborder=\"0\" scrolling=\"no\" allowfullscreen=\"allowfullscreen\"><\/iframe><\/p>\n","protected":false},"excerpt":{"rendered":"<p>El rescate de la memoria hist\u00f3rica estuvo en el centro de los debates del Taller Anual de Historia Local en Cabaigu\u00e1n, certamen efectuado en la Casa Canaria Leonor P\u00e9rez Cabrera, con la presentaci\u00f3n de ocho ponencias de diferentes tem\u00e1ticas, defendidas por investigadores, muse\u00f3logos, historiadores y docentes de la localidad.<\/p>\n","protected":false},"author":193,"featured_media":66721,"comment_status":"open","ping_status":"open","sticky":false,"template":"","format":"standard","meta":{"_acf_changed":false,"footnotes":""},"categories":[8,9,1],"tags":[133,510],"coauthors":[2009],"class_list":["post-68456","post","type-post","status-publish","format-standard","has-post-thumbnail","hentry","category-noticia","category-en-audio","category-sancti-spiritus","tag-cabaiguan","tag-historia"],"acf":[],"_links":{"self":[{"href":"https:\/\/www.radiosanctispiritus.cu\/es\/wp-json\/wp\/v2\/posts\/68456","targetHints":{"allow":["GET"]}}],"collection":[{"href":"https:\/\/www.radiosanctispiritus.cu\/es\/wp-json\/wp\/v2\/posts"}],"about":[{"href":"https:\/\/www.radiosanctispiritus.cu\/es\/wp-json\/wp\/v2\/types\/post"}],"author":[{"embeddable":true,"href":"https:\/\/www.radiosanctispiritus.cu\/es\/wp-json\/wp\/v2\/users\/193"}],"replies":[{"embeddable":true,"href":"https:\/\/www.radiosanctispiritus.cu\/es\/wp-json\/wp\/v2\/comments?post=68456"}],"version-history":[{"count":2,"href":"https:\/\/www.radiosanctispiritus.cu\/es\/wp-json\/wp\/v2\/posts\/68456\/revisions"}],"predecessor-version":[{"id":68458,"href":"https:\/\/www.radiosanctispiritus.cu\/es\/wp-json\/wp\/v2\/posts\/68456\/revisions\/68458"}],"wp:featuredmedia":[{"embeddable":true,"href":"https:\/\/www.radiosanctispiritus.cu\/es\/wp-json\/wp\/v2\/media\/66721"}],"wp:attachment":[{"href":"https:\/\/www.radiosanctispiritus.cu\/es\/wp-json\/wp\/v2\/media?parent=68456"}],"wp:term":[{"taxonomy":"category","embeddable":true,"href":"https:\/\/www.radiosanctispiritus.cu\/es\/wp-json\/wp\/v2\/categories?post=68456"},{"taxonomy":"post_tag","embeddable":true,"href":"https:\/\/www.radiosanctispiritus.cu\/es\/wp-json\/wp\/v2\/tags?post=68456"},{"taxonomy":"author","embeddable":true,"href":"https:\/\/www.radiosanctispiritus.cu\/es\/wp-json\/wp\/v2\/coauthors?post=68456"}],"curies":[{"name":"wp","href":"https:\/\/api.w.org\/{rel}","templated":true}]}}