{"id":68452,"date":"2026-04-27T05:03:29","date_gmt":"2026-04-27T09:03:29","guid":{"rendered":"https:\/\/www.radiosanctispiritus.cu\/es\/?p=68452"},"modified":"2026-04-26T14:54:48","modified_gmt":"2026-04-26T18:54:48","slug":"estudiantes-del-politecnico-armando-de-la-rosa-se-incorporan-a-practica-laboral","status":"publish","type":"post","link":"https:\/\/www.radiosanctispiritus.cu\/es\/estudiantes-del-politecnico-armando-de-la-rosa-se-incorporan-a-practica-laboral\/","title":{"rendered":"Estudiantes del Polit\u00e9cnico Armando de la Rosa se incorporan a pr\u00e1ctica laboral"},"content":{"rendered":"<p>Desde este lunes 27 de abril y hasta el 18 de julio, m\u00e1s de 90 estudiantes de tercer a\u00f1o de las diferentes especialidades del Instituto Polit\u00e9cnico Armando de la Rosa, de Sancti Sp\u00edritus, inician su pr\u00e1ctica laboral correspondiente al actual curso escolar.<\/p>\n<p>De acuerdo con Dayam\u00ed Mursul\u00ed, directora del referido centro, \u00abel principal objetivo consiste en complementar y consolidar la formaci\u00f3n profesional, vinculando durante un periodo de tiempo a los estudiantes con el proceso productivo o los servicios mediante su integraci\u00f3n a los colectivos laborales. Anterior a la salida de nuestros educandos se estar\u00e1n desarrollando las asambleas de la integralidad, la ubicaci\u00f3n anticipada y la preparaci\u00f3n educando, docentes y especialistas, espacio que va a propiciar una mayor organizaci\u00f3n de la pr\u00e1ctica en las diferentes entidades\u00bb.<\/p>\n<p>La directiva inform\u00f3 que este d\u00eda 27 los estudiantes \u00abse recibir\u00e1n por los trabajadores de cada entidad y ser\u00e1n seleccionados los tutores que los van a estar acompa\u00f1ando en el desarrollo de las actividades que aparecen en la gu\u00eda de entrenamiento. Entre las entidades se encuentran Delegaci\u00f3n Provincial del CITMA, Tabacuba, EPASE, INOTU, Geocuba, Tribunal, Fiscal\u00eda, el \u00f3rgano de las comunicaciones y las cifras, entre otros.<\/p>\n<p>\u00ab\u00bfQu\u00e9 documentaci\u00f3n es la que lleva el estudiante? El diario de trabajo donde se incluye la gu\u00eda de entrenamiento, la evaluaci\u00f3n y el informe de la pr\u00e1ctica que es el que le dar\u00e1 el aprobado luego de la exposici\u00f3n.<\/p>\n<p>\u00abEl d\u00eda 30 de junio se estar\u00e1 desarrollando la exposici\u00f3n de los informes de la pr\u00e1ctica, momento importante para los educandos ya que estar\u00e1n demostrando las habilidades profesionales adquiridas durante la pr\u00e1ctica laboral\u00bb.<\/p>\n","protected":false},"excerpt":{"rendered":"<p>Desde este lunes 27 de abril y hasta el 18 de julio, m\u00e1s de 90 estudiantes de tercer a\u00f1o de las diferentes especialidades del Instituto Polit\u00e9cnico Armando de la Rosa, de Sancti Sp\u00edritus, inician su pr\u00e1ctica laboral correspondiente al actual curso escolar.<\/p>\n","protected":false},"author":8,"featured_media":63343,"comment_status":"open","ping_status":"open","sticky":false,"template":"","format":"standard","meta":{"_acf_changed":false,"footnotes":""},"categories":[14,9,8,1],"tags":[29,1216],"coauthors":[1917],"class_list":["post-68452","post","type-post","status-publish","format-standard","has-post-thumbnail","hentry","category-educacion","category-en-audio","category-noticia","category-sancti-spiritus","tag-educacion","tag-ensenanza-tecnico-profesional"],"acf":[],"_links":{"self":[{"href":"https:\/\/www.radiosanctispiritus.cu\/es\/wp-json\/wp\/v2\/posts\/68452","targetHints":{"allow":["GET"]}}],"collection":[{"href":"https:\/\/www.radiosanctispiritus.cu\/es\/wp-json\/wp\/v2\/posts"}],"about":[{"href":"https:\/\/www.radiosanctispiritus.cu\/es\/wp-json\/wp\/v2\/types\/post"}],"author":[{"embeddable":true,"href":"https:\/\/www.radiosanctispiritus.cu\/es\/wp-json\/wp\/v2\/users\/8"}],"replies":[{"embeddable":true,"href":"https:\/\/www.radiosanctispiritus.cu\/es\/wp-json\/wp\/v2\/comments?post=68452"}],"version-history":[{"count":3,"href":"https:\/\/www.radiosanctispiritus.cu\/es\/wp-json\/wp\/v2\/posts\/68452\/revisions"}],"predecessor-version":[{"id":68455,"href":"https:\/\/www.radiosanctispiritus.cu\/es\/wp-json\/wp\/v2\/posts\/68452\/revisions\/68455"}],"wp:featuredmedia":[{"embeddable":true,"href":"https:\/\/www.radiosanctispiritus.cu\/es\/wp-json\/wp\/v2\/media\/63343"}],"wp:attachment":[{"href":"https:\/\/www.radiosanctispiritus.cu\/es\/wp-json\/wp\/v2\/media?parent=68452"}],"wp:term":[{"taxonomy":"category","embeddable":true,"href":"https:\/\/www.radiosanctispiritus.cu\/es\/wp-json\/wp\/v2\/categories?post=68452"},{"taxonomy":"post_tag","embeddable":true,"href":"https:\/\/www.radiosanctispiritus.cu\/es\/wp-json\/wp\/v2\/tags?post=68452"},{"taxonomy":"author","embeddable":true,"href":"https:\/\/www.radiosanctispiritus.cu\/es\/wp-json\/wp\/v2\/coauthors?post=68452"}],"curies":[{"name":"wp","href":"https:\/\/api.w.org\/{rel}","templated":true}]}}