{"id":68446,"date":"2026-04-27T05:25:24","date_gmt":"2026-04-27T09:25:24","guid":{"rendered":"https:\/\/www.radiosanctispiritus.cu\/es\/?p=68446"},"modified":"2026-04-26T14:45:12","modified_gmt":"2026-04-26T18:45:12","slug":"trabajadores-agropecuarios-forestales-y-tabacaleros-se-alistan-para-el-primero-de-mayo","status":"publish","type":"post","link":"https:\/\/www.radiosanctispiritus.cu\/es\/trabajadores-agropecuarios-forestales-y-tabacaleros-se-alistan-para-el-primero-de-mayo\/","title":{"rendered":"Trabajadores agropecuarios, forestales y tabacaleros se alistan para el Primero de Mayo"},"content":{"rendered":"<p>Los afiliados al Sindicato de Trabajadores Agropecuarios, Forestales y Tabacaleros del territorio se alistan para participar en el desfile por el Primero de Mayo.<\/p>\n<p>As\u00ed lo confirm\u00f3 el secretario de la organizaci\u00f3n obrera, Yosvany \u00c1lvarez Vera., quien precis\u00f3 que el gremio la provincia tiene alrededor de 16 mil400 trabajadores. \u00abVamos a desfilar en nuestra plaza, cerca de 6.000 trabajadores este Primero de Mayo que vamos a inundar nuestra plaza cerrando el desfile, como siempre lo hemos hecho<\/p>\n<p>En el contexto de la celebraci\u00f3n por el D\u00eda Internacional de los Trabajadores, varios colectivos recibieron la condici\u00f3n de vanguardia nacional.\u00bbEse es uno de los reconocimientos que impulsa a ir a la plaza a inundar este Primero de Mayo\u00bb.<\/p>\n<p>Los trabajadores de los sectores agropecuarios, forestales y tabacaleros tambi\u00e9n se han sumado al movimiento Mi Firma por la Patria. \u00abEste es un momento para una vez m\u00e1s ratificar con m\u00e1s fuerza el compromiso de nuestro trabajador y nuestro pueblo como en la puerta a la firma por mi Patria\u00bb.<\/p>\n<p><iframe src=\"https:\/\/www.ivoox.com\/player_ej_172560907_6_1.html?c1=7a0d0b\" width=\"100%\" height=\"200\" frameborder=\"0\" scrolling=\"no\" allowfullscreen=\"allowfullscreen\"><\/iframe><\/p>\n","protected":false},"excerpt":{"rendered":"<p>Los afiliados al Sindicato de Trabajadores Agropecuarios, Forestales y Tabacaleros del territorio se alistan para participar en el desfile por el Primero de Mayo.<\/p>\n","protected":false},"author":14,"featured_media":68451,"comment_status":"open","ping_status":"open","sticky":false,"template":"","format":"standard","meta":{"_acf_changed":false,"footnotes":""},"categories":[9,8,1],"tags":[414,408,2326,749,789],"coauthors":[1915],"class_list":["post-68446","post","type-post","status-publish","format-standard","has-post-thumbnail","hentry","category-en-audio","category-noticia","category-sancti-spiritus","tag-agropecuarios","tag-ctc","tag-forestal","tag-primero-de-mayo","tag-tabacaleros"],"acf":[],"_links":{"self":[{"href":"https:\/\/www.radiosanctispiritus.cu\/es\/wp-json\/wp\/v2\/posts\/68446","targetHints":{"allow":["GET"]}}],"collection":[{"href":"https:\/\/www.radiosanctispiritus.cu\/es\/wp-json\/wp\/v2\/posts"}],"about":[{"href":"https:\/\/www.radiosanctispiritus.cu\/es\/wp-json\/wp\/v2\/types\/post"}],"author":[{"embeddable":true,"href":"https:\/\/www.radiosanctispiritus.cu\/es\/wp-json\/wp\/v2\/users\/14"}],"replies":[{"embeddable":true,"href":"https:\/\/www.radiosanctispiritus.cu\/es\/wp-json\/wp\/v2\/comments?post=68446"}],"version-history":[{"count":4,"href":"https:\/\/www.radiosanctispiritus.cu\/es\/wp-json\/wp\/v2\/posts\/68446\/revisions"}],"predecessor-version":[{"id":68450,"href":"https:\/\/www.radiosanctispiritus.cu\/es\/wp-json\/wp\/v2\/posts\/68446\/revisions\/68450"}],"wp:featuredmedia":[{"embeddable":true,"href":"https:\/\/www.radiosanctispiritus.cu\/es\/wp-json\/wp\/v2\/media\/68451"}],"wp:attachment":[{"href":"https:\/\/www.radiosanctispiritus.cu\/es\/wp-json\/wp\/v2\/media?parent=68446"}],"wp:term":[{"taxonomy":"category","embeddable":true,"href":"https:\/\/www.radiosanctispiritus.cu\/es\/wp-json\/wp\/v2\/categories?post=68446"},{"taxonomy":"post_tag","embeddable":true,"href":"https:\/\/www.radiosanctispiritus.cu\/es\/wp-json\/wp\/v2\/tags?post=68446"},{"taxonomy":"author","embeddable":true,"href":"https:\/\/www.radiosanctispiritus.cu\/es\/wp-json\/wp\/v2\/coauthors?post=68446"}],"curies":[{"name":"wp","href":"https:\/\/api.w.org\/{rel}","templated":true}]}}