{"id":68443,"date":"2026-04-26T14:23:43","date_gmt":"2026-04-26T18:23:43","guid":{"rendered":"https:\/\/www.radiosanctispiritus.cu\/es\/?p=68443"},"modified":"2026-04-26T14:23:43","modified_gmt":"2026-04-26T18:23:43","slug":"examen-de-captacion-a-la-carrera-de-periodismo-sera-en-mayo","status":"publish","type":"post","link":"https:\/\/www.radiosanctispiritus.cu\/es\/examen-de-captacion-a-la-carrera-de-periodismo-sera-en-mayo\/","title":{"rendered":"Examen de captaci\u00f3n a la carrera de Periodismo ser\u00e1 en mayo"},"content":{"rendered":"<p>En todo el pa\u00eds se iniciar\u00e1 pr\u00f3ximamente el proceso de ingreso a la carrera de Periodismo, informa este domingo Juventud Rebelde.<\/p>\n<p>El examen de captaci\u00f3n se realizar\u00e1 el jueves 21 de mayo, a las 9:00 a.m., para los estudiantes de 11no. y 12mo. grados en todas las provincias, seg\u00fan indica una nota de la Direcci\u00f3n General de Pregrado, del Ministerio de Educaci\u00f3n Superior.<\/p>\n<p>A las pruebas podr\u00e1n presentarse estudiantes de 12mo. grado interesados en la carrera, teniendo en cuenta su disposici\u00f3n a cumplir el Servicio Militar Activo durante el a\u00f1o antes de su ingreso a la universidad.<\/p>\n<p>De igual forma, se examinar\u00e1n de conjunto los estudiantes de 11no. grado que quieran optar por al Colegio Universitario de Periodismo en el curso acad\u00e9mico 2026-2027.<\/p>\n<p>Los aspirantes al Colegio Universitario (11no. grado) deber\u00e1n cumplir con los siguientes requisitos: haber alcanzado m\u00e1s de 90 puntos en las asignaturas de Espa\u00f1ol, Historia de Cuba y Cultura Pol\u00edtica, as\u00ed como haber alcanzado m\u00e1s de 85 puntos, como promedio general.<\/p>\n<p>Los interesados en realizar el examen de captaci\u00f3n deber\u00e1n inscribirse en su preuniversitario hasta el 8 de mayo, donde se asegurar\u00e1 el cumplimiento de los requisitos.<\/p>\n","protected":false},"excerpt":{"rendered":"<p>El examen de captaci\u00f3n se realizar\u00e1 el jueves 21 de mayo, a las 9:00 a.m., para los estudiantes de 11no. y 12mo. grados en todas las provincias.<\/p>\n","protected":false},"author":123,"featured_media":68444,"comment_status":"open","ping_status":"open","sticky":false,"template":"","format":"standard","meta":{"_acf_changed":false,"footnotes":""},"categories":[8,3],"tags":[2203,697,164,991],"coauthors":[1895],"class_list":["post-68443","post","type-post","status-publish","format-standard","has-post-thumbnail","hentry","category-noticia","category-cuba","tag-orientacion-vocacional","tag-periodismo","tag-prensa","tag-preuniversitario"],"acf":[],"_links":{"self":[{"href":"https:\/\/www.radiosanctispiritus.cu\/es\/wp-json\/wp\/v2\/posts\/68443","targetHints":{"allow":["GET"]}}],"collection":[{"href":"https:\/\/www.radiosanctispiritus.cu\/es\/wp-json\/wp\/v2\/posts"}],"about":[{"href":"https:\/\/www.radiosanctispiritus.cu\/es\/wp-json\/wp\/v2\/types\/post"}],"author":[{"embeddable":true,"href":"https:\/\/www.radiosanctispiritus.cu\/es\/wp-json\/wp\/v2\/users\/123"}],"replies":[{"embeddable":true,"href":"https:\/\/www.radiosanctispiritus.cu\/es\/wp-json\/wp\/v2\/comments?post=68443"}],"version-history":[{"count":1,"href":"https:\/\/www.radiosanctispiritus.cu\/es\/wp-json\/wp\/v2\/posts\/68443\/revisions"}],"predecessor-version":[{"id":68445,"href":"https:\/\/www.radiosanctispiritus.cu\/es\/wp-json\/wp\/v2\/posts\/68443\/revisions\/68445"}],"wp:featuredmedia":[{"embeddable":true,"href":"https:\/\/www.radiosanctispiritus.cu\/es\/wp-json\/wp\/v2\/media\/68444"}],"wp:attachment":[{"href":"https:\/\/www.radiosanctispiritus.cu\/es\/wp-json\/wp\/v2\/media?parent=68443"}],"wp:term":[{"taxonomy":"category","embeddable":true,"href":"https:\/\/www.radiosanctispiritus.cu\/es\/wp-json\/wp\/v2\/categories?post=68443"},{"taxonomy":"post_tag","embeddable":true,"href":"https:\/\/www.radiosanctispiritus.cu\/es\/wp-json\/wp\/v2\/tags?post=68443"},{"taxonomy":"author","embeddable":true,"href":"https:\/\/www.radiosanctispiritus.cu\/es\/wp-json\/wp\/v2\/coauthors?post=68443"}],"curies":[{"name":"wp","href":"https:\/\/api.w.org\/{rel}","templated":true}]}}