{"id":68427,"date":"2026-04-26T05:37:23","date_gmt":"2026-04-26T09:37:23","guid":{"rendered":"https:\/\/www.radiosanctispiritus.cu\/es\/?p=68427"},"modified":"2026-04-25T23:49:14","modified_gmt":"2026-04-26T03:49:14","slug":"trabajadores-del-hotel-melia-trinidad-peninsula-ratifican-su-compromiso-con-la-patria","status":"publish","type":"post","link":"https:\/\/www.radiosanctispiritus.cu\/es\/trabajadores-del-hotel-melia-trinidad-peninsula-ratifican-su-compromiso-con-la-patria\/","title":{"rendered":"Trabajadores del Hotel Meli\u00e1 Trinidad Pen\u00ednsula ratifican su compromiso con la Patria"},"content":{"rendered":"<div dir=\"auto\"><\/div>\n<div dir=\"auto\">Los trabajadores del Hotel Meli\u00e1 Trinidad Pen\u00ednsula se sumaron al movimiento Mi firma por la Patria , compromiso con la paz y la defensa de la soberan\u00eda al tiempo que ratificaron su asistencia masiva al desfile por el Primero de Mayo.<\/div>\n<div dir=\"auto\"><\/div>\n<div dir=\"auto\">Antes de proceder a la r\u00fabrica, Reiner Rend\u00f3n Fern\u00e1ndez, subdirector general del centro tur\u00edstico, explic\u00f3 al colectivo que la iniciativa respalda la convocatoria del presidente cubano Miguel D\u00edaz- Canel Berm\u00fadez, en el acto por el aniversario 65 de la declaraci\u00f3n del car\u00e1cter socialista de la Revoluci\u00f3n.<\/div>\n<div dir=\"auto\"><\/div>\n<div dir=\"auto\">Por su parte, Carlos Alberto Jim\u00e9nez P\u00e9rez, secretario general de la secci\u00f3n sindical del hotel Meli\u00e1 Trinidad Pen\u00ednsula habl\u00f3 en nombre de los trabajadores.\u00a0\u201cLa firma ratifica una vez m\u00e1s que el pueblo cubano y sus trabajadores estamos al lado de la Revoluci\u00f3n, y condenamos una agresi\u00f3n militar a Cuba. Nuestro compromiso con la Patria lo vamos a ratificar el Primero de Mayo en el desfile, all\u00ed demostraremos con m\u00e1s fuerza que Meli\u00e1 Trinidad Pen\u00ednsula se respeta\u201d.<\/div>\n<div dir=\"auto\"><\/div>\n<div dir=\"auto\">\u00a0En la instalaci\u00f3n hotelera, situada en la Pen\u00ednsula Anc\u00f3n, se desperdigan desde ahora m\u00faltiples iniciativas para representar con el colorido y entusiasmo que exige la ocasi\u00f3n , el bloque del sector tur\u00edstico .<\/div>\n<div dir=\"auto\"><\/div>\n<div dir=\"auto\">Como el hotel Meli\u00e1 Trinidad Pen\u00ednsula, los colectivos del resto de los centros de la industria sin chimeneas del destino sure\u00f1o han materializado su firma por la Patria, el sentir a la vez de todo un pueblo que a pesar del acoso imperial, no renuncia al derecho de construir su propia historia.<\/div>\n<div dir=\"auto\"><iframe src=\"https:\/\/www.ivoox.com\/player_ej_172558507_6_1.html?c1=7a0d0b\" width=\"100%\" height=\"200\" frameborder=\"0\" scrolling=\"no\" allowfullscreen=\"allowfullscreen\"><\/iframe><\/div>\n","protected":false},"excerpt":{"rendered":"<p>Los trabajadores del Hotel Meli\u00e1 Trinidad Pen\u00ednsula se sumaron al movimiento Mi firma por la Patria , compromiso con la paz y la defensa de la soberan\u00eda al tiempo que ratificaron su asistencia masiva al desfile por el Primero de Mayo.<\/p>\n","protected":false},"author":145,"featured_media":68428,"comment_status":"open","ping_status":"open","sticky":false,"template":"","format":"standard","meta":{"_acf_changed":false,"footnotes":""},"categories":[8,16,9,1,1170],"tags":[1154,408,1639,2325,749,750,54],"coauthors":[1886],"class_list":["post-68427","post","type-post","status-publish","format-standard","has-post-thumbnail","hentry","category-noticia","category-economia","category-en-audio","category-sancti-spiritus","category-turismo","tag-central-de-trabajadores-de-cuba","tag-ctc","tag-melia-trinidad-peninsula","tag-patria","tag-primero-de-mayo","tag-trabajadores","tag-trinidad-de-cuba"],"acf":[],"_links":{"self":[{"href":"https:\/\/www.radiosanctispiritus.cu\/es\/wp-json\/wp\/v2\/posts\/68427","targetHints":{"allow":["GET"]}}],"collection":[{"href":"https:\/\/www.radiosanctispiritus.cu\/es\/wp-json\/wp\/v2\/posts"}],"about":[{"href":"https:\/\/www.radiosanctispiritus.cu\/es\/wp-json\/wp\/v2\/types\/post"}],"author":[{"embeddable":true,"href":"https:\/\/www.radiosanctispiritus.cu\/es\/wp-json\/wp\/v2\/users\/145"}],"replies":[{"embeddable":true,"href":"https:\/\/www.radiosanctispiritus.cu\/es\/wp-json\/wp\/v2\/comments?post=68427"}],"version-history":[{"count":2,"href":"https:\/\/www.radiosanctispiritus.cu\/es\/wp-json\/wp\/v2\/posts\/68427\/revisions"}],"predecessor-version":[{"id":68430,"href":"https:\/\/www.radiosanctispiritus.cu\/es\/wp-json\/wp\/v2\/posts\/68427\/revisions\/68430"}],"wp:featuredmedia":[{"embeddable":true,"href":"https:\/\/www.radiosanctispiritus.cu\/es\/wp-json\/wp\/v2\/media\/68428"}],"wp:attachment":[{"href":"https:\/\/www.radiosanctispiritus.cu\/es\/wp-json\/wp\/v2\/media?parent=68427"}],"wp:term":[{"taxonomy":"category","embeddable":true,"href":"https:\/\/www.radiosanctispiritus.cu\/es\/wp-json\/wp\/v2\/categories?post=68427"},{"taxonomy":"post_tag","embeddable":true,"href":"https:\/\/www.radiosanctispiritus.cu\/es\/wp-json\/wp\/v2\/tags?post=68427"},{"taxonomy":"author","embeddable":true,"href":"https:\/\/www.radiosanctispiritus.cu\/es\/wp-json\/wp\/v2\/coauthors?post=68427"}],"curies":[{"name":"wp","href":"https:\/\/api.w.org\/{rel}","templated":true}]}}