{"id":68421,"date":"2026-04-26T05:08:34","date_gmt":"2026-04-26T09:08:34","guid":{"rendered":"https:\/\/www.radiosanctispiritus.cu\/es\/?p=68421"},"modified":"2026-04-25T23:20:28","modified_gmt":"2026-04-26T03:20:28","slug":"sancti-spiritus-reforzara-su-movilidad-con-nuevos-medios-electricos","status":"publish","type":"post","link":"https:\/\/www.radiosanctispiritus.cu\/es\/sancti-spiritus-reforzara-su-movilidad-con-nuevos-medios-electricos\/","title":{"rendered":"Sancti Sp\u00edritus reforzar\u00e1 su movilidad con nuevos medios el\u00e9ctricos"},"content":{"rendered":"<div dir=\"auto\">Nuevos medios el\u00e9ctricos circulan en la ciudad espirituana en el sector estatal y otros veh\u00edculos deben arribar para reforzar la movilidad de personas en este 2026.<\/div>\n<div dir=\"auto\"><\/div>\n<div dir=\"auto\">Jos\u00e9 Lorenzo Garc\u00eda, Delegado Provincial del Ministro de Transporte, confirm\u00f3 que en este momento se encuentran en explotaci\u00f3n tres de los nuevos medios que arribaron meses anteriores, prestando servicios a ETECSA y a la Empresa de Correos.<\/div>\n<div dir=\"auto\"><\/div>\n<div dir=\"auto\">Por otra parte, el directivo anunci\u00f3 la pr\u00f3xima llegada de autom\u00f3viles el\u00e9ctricos para trasladar pacientes de hemodi\u00e1lisis desde Trinidad hacia la cabecera provincial, y confirm\u00f3 la entrega de nuevos medios adquiridos con el Fondo de Desarrollo del Transporte antes que finalice el a\u00f1o.<\/div>\n<div dir=\"auto\"><\/div>\n<div dir=\"auto\">Con las futuras incorporaciones de los microbuses de marca china \u00abFoton\u00bb y otros medios alternativos, el territorio espirituano avanzar\u00e1 hacia un modelo de transporte m\u00e1s diverso y ecol\u00f3gico.<\/div>\n<div dir=\"auto\"><iframe src=\"https:\/\/www.ivoox.com\/player_ej_172560727_6_1.html?c1=7a0d0b\" width=\"100%\" height=\"200\" frameborder=\"0\" scrolling=\"no\" allowfullscreen=\"allowfullscreen\"><\/iframe><\/div>\n","protected":false},"excerpt":{"rendered":"<p>Nuevos medios el\u00e9ctricos circulan en la ciudad espirituana en el sector estatal y otros veh\u00edculos deben arribar para reforzar la movilidad de personas en este 2026.<\/p>\n","protected":false},"author":166,"featured_media":68422,"comment_status":"open","ping_status":"open","sticky":false,"template":"","format":"standard","meta":{"_acf_changed":false,"footnotes":""},"categories":[8,16,9,1],"tags":[673,144,330],"coauthors":[1901],"class_list":["post-68421","post","type-post","status-publish","format-standard","has-post-thumbnail","hentry","category-noticia","category-economia","category-en-audio","category-sancti-spiritus","tag-energia-renovable","tag-transporte","tag-transporte-terrestre"],"acf":[],"_links":{"self":[{"href":"https:\/\/www.radiosanctispiritus.cu\/es\/wp-json\/wp\/v2\/posts\/68421","targetHints":{"allow":["GET"]}}],"collection":[{"href":"https:\/\/www.radiosanctispiritus.cu\/es\/wp-json\/wp\/v2\/posts"}],"about":[{"href":"https:\/\/www.radiosanctispiritus.cu\/es\/wp-json\/wp\/v2\/types\/post"}],"author":[{"embeddable":true,"href":"https:\/\/www.radiosanctispiritus.cu\/es\/wp-json\/wp\/v2\/users\/166"}],"replies":[{"embeddable":true,"href":"https:\/\/www.radiosanctispiritus.cu\/es\/wp-json\/wp\/v2\/comments?post=68421"}],"version-history":[{"count":4,"href":"https:\/\/www.radiosanctispiritus.cu\/es\/wp-json\/wp\/v2\/posts\/68421\/revisions"}],"predecessor-version":[{"id":68426,"href":"https:\/\/www.radiosanctispiritus.cu\/es\/wp-json\/wp\/v2\/posts\/68421\/revisions\/68426"}],"wp:featuredmedia":[{"embeddable":true,"href":"https:\/\/www.radiosanctispiritus.cu\/es\/wp-json\/wp\/v2\/media\/68422"}],"wp:attachment":[{"href":"https:\/\/www.radiosanctispiritus.cu\/es\/wp-json\/wp\/v2\/media?parent=68421"}],"wp:term":[{"taxonomy":"category","embeddable":true,"href":"https:\/\/www.radiosanctispiritus.cu\/es\/wp-json\/wp\/v2\/categories?post=68421"},{"taxonomy":"post_tag","embeddable":true,"href":"https:\/\/www.radiosanctispiritus.cu\/es\/wp-json\/wp\/v2\/tags?post=68421"},{"taxonomy":"author","embeddable":true,"href":"https:\/\/www.radiosanctispiritus.cu\/es\/wp-json\/wp\/v2\/coauthors?post=68421"}],"curies":[{"name":"wp","href":"https:\/\/api.w.org\/{rel}","templated":true}]}}