{"id":68418,"date":"2026-04-26T04:51:47","date_gmt":"2026-04-26T08:51:47","guid":{"rendered":"https:\/\/www.radiosanctispiritus.cu\/es\/?p=68418"},"modified":"2026-04-26T00:04:50","modified_gmt":"2026-04-26T04:04:50","slug":"testigo-sancti-spiritus-de-la-culminacion-de-estudios-de-sus-mas-noveles-artistas","status":"publish","type":"post","link":"https:\/\/www.radiosanctispiritus.cu\/es\/testigo-sancti-spiritus-de-la-culminacion-de-estudios-de-sus-mas-noveles-artistas\/","title":{"rendered":"Testigo Sancti Sp\u00edritus de la culminaci\u00f3n de estudios de sus m\u00e1s noveles artistas"},"content":{"rendered":"<p>Por segunda ocasi\u00f3n, Sancti Sp\u00edritus vivi\u00f3 una experiencia excepcional: fue testigo de la culminaci\u00f3n de estudios de sus m\u00e1s noveles artistas.<\/p>\n<p>Precisamente las artes visuales se prestigian con contar con tres nuevas firmas formadas en el Centro Provincial de la Ense\u00f1anza Art\u00edstica Olga Alonso, en Villa Clara. Una inyecci\u00f3n vital para el gremio, seg\u00fan Omar Fern\u00e1ndez Gal\u00ed, Cuti, quien result\u00f3 imprescindible en la preparaci\u00f3n de sus ejercicios desde aqu\u00ed.<\/p>\n<p>\u00abVan a ingresar al gremio de los artistas. Hoy no es menos cierto que hay varios de los artistas que hoy no est\u00e1n trabajando por diferentes motivos. Otros han emigrado y siempre es bueno nutrirse de esta sangre joven que, bueno, viene con nuevos conocimientos, y un poco tambi\u00e9n para trabajar en la parte, desde el punto de vista profesional, en las escuelas. Tambi\u00e9n pueden apoyarnos en el trabajo de las escuelas de arte ac\u00e1 en Sancti Sp\u00edritus\u00bb.<\/p>\n<p>La decisi\u00f3n de realizar los ejercicios finales respondi\u00f3 al proceso de descentralizaci\u00f3n de la ense\u00f1anza art\u00edstica por la compleja situaci\u00f3n que vive el pa\u00eds.<\/p>\n<p>\u00abEs gratificante porque un poco que los mismos padres, los artistas, las instituciones culturales ven como todo el proceso de desarrollo que han tenido los muchachos durante el periodo de estudio. A ver, no es com\u00fan que estos estudiantes se grad\u00faen aqu\u00ed porque estos est\u00e1n estudiando en Santa Clara, casi siempre lo hacen en sus escuelas. Y un poco que les hemos servido de apoyo en su trabajo y tambi\u00e9n nos da un sentido tal de c\u00f3mo van ellos, por d\u00f3nde va su obra, es decir, que ya no nos va a caer as\u00ed como decimos de sorpresa que yo he estudiado y no supimos en qu\u00e9 se bas\u00f3 su desarrollo desde el punto de vista de las artes visuales. Ya tenemos por lo menos un patr\u00f3n de por d\u00f3nde van las cosas\u00bb.<\/p>\n<p><iframe src=\"https:\/\/www.ivoox.com\/player_ej_172558627_6_1.html?c1=7a0d0b\" width=\"100%\" height=\"200\" frameborder=\"0\" scrolling=\"no\" allowfullscreen=\"allowfullscreen\"><\/iframe><\/p>\n","protected":false},"excerpt":{"rendered":"<p>Por segunda ocasi\u00f3n, Sancti Sp\u00edritus vivi\u00f3 una experiencia excepcional: fue testigo de la culminaci\u00f3n de estudios de sus m\u00e1s noveles artistas.<\/p>\n","protected":false},"author":12,"featured_media":68431,"comment_status":"open","ping_status":"open","sticky":false,"template":"","format":"standard","meta":{"_acf_changed":false,"footnotes":""},"categories":[6,9,8,1],"tags":[281,346],"coauthors":[1864],"class_list":["post-68418","post","type-post","status-publish","format-standard","has-post-thumbnail","hentry","category-cultura","category-en-audio","category-noticia","category-sancti-spiritus","tag-artes-plasticas","tag-ensenanza-artistica"],"acf":[],"_links":{"self":[{"href":"https:\/\/www.radiosanctispiritus.cu\/es\/wp-json\/wp\/v2\/posts\/68418","targetHints":{"allow":["GET"]}}],"collection":[{"href":"https:\/\/www.radiosanctispiritus.cu\/es\/wp-json\/wp\/v2\/posts"}],"about":[{"href":"https:\/\/www.radiosanctispiritus.cu\/es\/wp-json\/wp\/v2\/types\/post"}],"author":[{"embeddable":true,"href":"https:\/\/www.radiosanctispiritus.cu\/es\/wp-json\/wp\/v2\/users\/12"}],"replies":[{"embeddable":true,"href":"https:\/\/www.radiosanctispiritus.cu\/es\/wp-json\/wp\/v2\/comments?post=68418"}],"version-history":[{"count":2,"href":"https:\/\/www.radiosanctispiritus.cu\/es\/wp-json\/wp\/v2\/posts\/68418\/revisions"}],"predecessor-version":[{"id":68432,"href":"https:\/\/www.radiosanctispiritus.cu\/es\/wp-json\/wp\/v2\/posts\/68418\/revisions\/68432"}],"wp:featuredmedia":[{"embeddable":true,"href":"https:\/\/www.radiosanctispiritus.cu\/es\/wp-json\/wp\/v2\/media\/68431"}],"wp:attachment":[{"href":"https:\/\/www.radiosanctispiritus.cu\/es\/wp-json\/wp\/v2\/media?parent=68418"}],"wp:term":[{"taxonomy":"category","embeddable":true,"href":"https:\/\/www.radiosanctispiritus.cu\/es\/wp-json\/wp\/v2\/categories?post=68418"},{"taxonomy":"post_tag","embeddable":true,"href":"https:\/\/www.radiosanctispiritus.cu\/es\/wp-json\/wp\/v2\/tags?post=68418"},{"taxonomy":"author","embeddable":true,"href":"https:\/\/www.radiosanctispiritus.cu\/es\/wp-json\/wp\/v2\/coauthors?post=68418"}],"curies":[{"name":"wp","href":"https:\/\/api.w.org\/{rel}","templated":true}]}}