{"id":68412,"date":"2026-04-26T05:38:20","date_gmt":"2026-04-26T09:38:20","guid":{"rendered":"https:\/\/www.radiosanctispiritus.cu\/es\/?p=68412"},"modified":"2026-04-25T23:05:57","modified_gmt":"2026-04-26T03:05:57","slug":"colaboradores-trinitarios-en-mexico-entregan-donativo-al-hogar-materno-municipal","status":"publish","type":"post","link":"https:\/\/www.radiosanctispiritus.cu\/es\/colaboradores-trinitarios-en-mexico-entregan-donativo-al-hogar-materno-municipal\/","title":{"rendered":"Colaboradores trinitarios en M\u00e9xico entregan donativo al Hogar Materno Municipal"},"content":{"rendered":"<p>Un grupo de 10 colaboradores cubanos en M\u00e9xico protagoniz\u00f3 un hermoso gesto al entregar un donativo al Hogar Materno del municipio de Trinidad, con el prop\u00f3sito de fortalecer la atenci\u00f3n de las embarazadas que permanecen en la instituci\u00f3n, pilar del sistema de salud p\u00fablica en el territorio.<\/p>\n<p>Entre los insumos de este env\u00edo solidario que proviene de sus ahorros personales, se incluyen 12 ventiladores, esfimoman\u00f3metros, dos con estetoscopios y uno digital, term\u00f3metros, cintas m\u00e9tricas y lapiceros que se pondr\u00e1n inmediatamente a disposici\u00f3n del personal sanitario.<\/p>\n<p>En videollamada grupal a trav\u00e9s de WhatsApp, los profesionales de la salud expresaron su emoci\u00f3n por contribuir a mejorar las condiciones para una estancia favorable de las gestantes y un mejor seguimiento por parte del personal m\u00e9dico y de enfermer\u00eda que elabora en este centro asistencial.<\/p>\n<p>Los doctores Silvia Odalis Beovides, Mercedes de la Cruz y Ram\u00f3n Adael Rivero compartieron su sentir. \u00abCreemos firmemente que acciones como esta contribuyen a una maternidad m\u00e1s segura y m\u00e1s acompa\u00f1ada. Agradecemos a todo el personal del Hogar Materno por su invaluable labor y dedicaci\u00f3n. Y aportar de manera muy sencilla y modesta nuestro granito de arena teniendo en cuenta la situaci\u00f3n actual que tiene nuestro pa\u00eds. Que sepan que estamos dispuestos a seguir ayudando, apoyando en todo lo que sea posible. Quer\u00eda ratificarles desde aqu\u00ed que bueno, para nosotros fue un honor poder brindar este humilde aporte, m\u00e1s que todo ahora que estamos conscientes de la dif\u00edcil situaci\u00f3n por la que est\u00e1 atravesando nuestro pueblo, nuestro pa\u00eds. Fue un bonito gesto de todos nosotros, s\u00ed, que nos une y nos compromete a seguir aportando al municipio\u00bb.<\/p>\n<p>En nombre de los pacientes y trabajadores del Hogar, la doctora Irlenis Acosta Dalmau agradeci\u00f3 la ayuda y preocupaci\u00f3n permanente de los colegas que hoy prestan sus servicios en la naci\u00f3n mexicana. \u00abHoy recibimos 12 ventiladores que nos van a favorecer much\u00edsimo la estancia de todas nuestras estantes, que muchas de ellas tienen una estad\u00eda prolongada en el centro y por supuesto que la calidad del trabajo del colectivo tambi\u00e9n sea de m\u00e1s calidad\u00bb.<\/p>\n<p><iframe src=\"https:\/\/www.ivoox.com\/player_ej_172558426_6_1.html?c1=7a0d0b\" width=\"100%\" height=\"200\" frameborder=\"0\" scrolling=\"no\" allowfullscreen=\"allowfullscreen\"><\/iframe><\/p>\n","protected":false},"excerpt":{"rendered":"<p>Un grupo de 10 colaboradores cubanos en M\u00e9xico protagoniz\u00f3 un hermoso gesto al entregar un donativo al Hogar Materno del municipio de Trinidad, con el prop\u00f3sito de fortalecer la atenci\u00f3n de las embarazadas que permanecen en la instituci\u00f3n, pilar del sistema de salud p\u00fablica en el territorio.<\/p>\n","protected":false},"author":23,"featured_media":68420,"comment_status":"open","ping_status":"open","sticky":false,"template":"","format":"standard","meta":{"_acf_changed":false,"footnotes":""},"categories":[8,9,5,1],"tags":[1260,24,46,54],"coauthors":[1899],"class_list":["post-68412","post","type-post","status-publish","format-standard","has-post-thumbnail","hentry","category-noticia","category-en-audio","category-salud","category-sancti-spiritus","tag-hogar-materno","tag-salud","tag-solidaridad-con-cuba","tag-trinidad-de-cuba"],"acf":[],"_links":{"self":[{"href":"https:\/\/www.radiosanctispiritus.cu\/es\/wp-json\/wp\/v2\/posts\/68412","targetHints":{"allow":["GET"]}}],"collection":[{"href":"https:\/\/www.radiosanctispiritus.cu\/es\/wp-json\/wp\/v2\/posts"}],"about":[{"href":"https:\/\/www.radiosanctispiritus.cu\/es\/wp-json\/wp\/v2\/types\/post"}],"author":[{"embeddable":true,"href":"https:\/\/www.radiosanctispiritus.cu\/es\/wp-json\/wp\/v2\/users\/23"}],"replies":[{"embeddable":true,"href":"https:\/\/www.radiosanctispiritus.cu\/es\/wp-json\/wp\/v2\/comments?post=68412"}],"version-history":[{"count":4,"href":"https:\/\/www.radiosanctispiritus.cu\/es\/wp-json\/wp\/v2\/posts\/68412\/revisions"}],"predecessor-version":[{"id":68417,"href":"https:\/\/www.radiosanctispiritus.cu\/es\/wp-json\/wp\/v2\/posts\/68412\/revisions\/68417"}],"wp:featuredmedia":[{"embeddable":true,"href":"https:\/\/www.radiosanctispiritus.cu\/es\/wp-json\/wp\/v2\/media\/68420"}],"wp:attachment":[{"href":"https:\/\/www.radiosanctispiritus.cu\/es\/wp-json\/wp\/v2\/media?parent=68412"}],"wp:term":[{"taxonomy":"category","embeddable":true,"href":"https:\/\/www.radiosanctispiritus.cu\/es\/wp-json\/wp\/v2\/categories?post=68412"},{"taxonomy":"post_tag","embeddable":true,"href":"https:\/\/www.radiosanctispiritus.cu\/es\/wp-json\/wp\/v2\/tags?post=68412"},{"taxonomy":"author","embeddable":true,"href":"https:\/\/www.radiosanctispiritus.cu\/es\/wp-json\/wp\/v2\/coauthors?post=68412"}],"curies":[{"name":"wp","href":"https:\/\/api.w.org\/{rel}","templated":true}]}}