{"id":68399,"date":"2026-04-25T22:07:48","date_gmt":"2026-04-26T02:07:48","guid":{"rendered":"https:\/\/www.radiosanctispiritus.cu\/es\/?p=68399"},"modified":"2026-04-25T22:07:48","modified_gmt":"2026-04-26T02:07:48","slug":"solucionado-fallo-que-provoco-afectacion-en-las-comunicaciones-en-sancti-spiritus","status":"publish","type":"post","link":"https:\/\/www.radiosanctispiritus.cu\/es\/solucionado-fallo-que-provoco-afectacion-en-las-comunicaciones-en-sancti-spiritus\/","title":{"rendered":"Solucionado fallo que provoc\u00f3 afectaci\u00f3n en las comunicaciones en Sancti Sp\u00edritus"},"content":{"rendered":"<p>Un fallo en el equipo que interconecta las comunicaciones fue la causa de la afectaci\u00f3n en la telefon\u00eda fija, m\u00f3vil y el acceso a Internet en diferentes nodos \u2014peque\u00f1as centrales digitales o gabinetes y radiobases\u2014 que se report\u00f3 este s\u00e1bado en la cabecera provincial y las comunidades de Zaza del Medio y Tuinuc\u00fa, en el municipio de Taguasco.<\/p>\n<p>As\u00ed lo confirm\u00f3 a <em>Escambray<\/em> Gustavo L\u00f3pez Cruz, jefe del Departamento Comercial de la Divisi\u00f3n Territorial de Etecsa en Sancti Sp\u00edritus, quien asegur\u00f3 que ya qued\u00f3 solucionada la aver\u00eda y el sistema funciona de forma estable.<\/p>\n<p>\u201cLa principal afectaci\u00f3n, que comenz\u00f3 alrededor de las seis de la ma\u00f1ana, fue en la ciudad de Sancti Sp\u00edritus, donde quedaron con problemas de comunicaci\u00f3n pr\u00e1cticamente durante todo el d\u00eda, 19 de las 23 radiobases existentes \u2014detall\u00f3 L\u00f3pez Cruz\u2014; solo se mantuvieron funcionando las de Col\u00f3n, Ciencias M\u00e9dicas y Recursos Hidr\u00e1ulicos\u201d.<\/p>\n<p>En cuanto a la telefon\u00eda fija, se afectaron siete gabinetes de la capital provincial: los tres de los Olivos, Hotel del Partido, Huerto Escolar en Kilo 12, Camino de La Habana y Chambel\u00f3n; as\u00ed como los de Zaza del Medio y Tuinuc\u00fa, seg\u00fan puntualiz\u00f3 el directivo.<\/p>\n<p>Al cierre de esta nota, <em>Escambray<\/em> constat\u00f3 que la red de telecomunicaciones de la provincia funcionaba de forma estable, en dependencia de la disponibilidad de energ\u00eda el\u00e9ctrica.<\/p>\n","protected":false},"excerpt":{"rendered":"<p>Un fallo en el equipo que interconecta las comunicaciones fue la causa de la afectaci\u00f3n en la telefon\u00eda fija, m\u00f3vil y el acceso a Internet en diferentes nodos \u2014peque\u00f1as centrales digitales o gabinetes y radiobases\u2014 que se report\u00f3 este s\u00e1bado en la cabecera provincial y las comunidades de Zaza del Medio y Tuinuc\u00fa, en el municipio de Taguasco.<\/p>\n","protected":false},"author":27,"featured_media":47980,"comment_status":"open","ping_status":"open","sticky":false,"template":"","format":"standard","meta":{"_acf_changed":false,"footnotes":""},"categories":[8,1],"tags":[395,339,563],"coauthors":[1963],"class_list":["post-68399","post","type-post","status-publish","format-standard","has-post-thumbnail","hentry","category-noticia","category-sancti-spiritus","tag-comunicaciones","tag-etecsa","tag-internet"],"acf":[],"_links":{"self":[{"href":"https:\/\/www.radiosanctispiritus.cu\/es\/wp-json\/wp\/v2\/posts\/68399","targetHints":{"allow":["GET"]}}],"collection":[{"href":"https:\/\/www.radiosanctispiritus.cu\/es\/wp-json\/wp\/v2\/posts"}],"about":[{"href":"https:\/\/www.radiosanctispiritus.cu\/es\/wp-json\/wp\/v2\/types\/post"}],"author":[{"embeddable":true,"href":"https:\/\/www.radiosanctispiritus.cu\/es\/wp-json\/wp\/v2\/users\/27"}],"replies":[{"embeddable":true,"href":"https:\/\/www.radiosanctispiritus.cu\/es\/wp-json\/wp\/v2\/comments?post=68399"}],"version-history":[{"count":1,"href":"https:\/\/www.radiosanctispiritus.cu\/es\/wp-json\/wp\/v2\/posts\/68399\/revisions"}],"predecessor-version":[{"id":68400,"href":"https:\/\/www.radiosanctispiritus.cu\/es\/wp-json\/wp\/v2\/posts\/68399\/revisions\/68400"}],"wp:featuredmedia":[{"embeddable":true,"href":"https:\/\/www.radiosanctispiritus.cu\/es\/wp-json\/wp\/v2\/media\/47980"}],"wp:attachment":[{"href":"https:\/\/www.radiosanctispiritus.cu\/es\/wp-json\/wp\/v2\/media?parent=68399"}],"wp:term":[{"taxonomy":"category","embeddable":true,"href":"https:\/\/www.radiosanctispiritus.cu\/es\/wp-json\/wp\/v2\/categories?post=68399"},{"taxonomy":"post_tag","embeddable":true,"href":"https:\/\/www.radiosanctispiritus.cu\/es\/wp-json\/wp\/v2\/tags?post=68399"},{"taxonomy":"author","embeddable":true,"href":"https:\/\/www.radiosanctispiritus.cu\/es\/wp-json\/wp\/v2\/coauthors?post=68399"}],"curies":[{"name":"wp","href":"https:\/\/api.w.org\/{rel}","templated":true}]}}