{"id":68301,"date":"2026-04-24T18:20:18","date_gmt":"2026-04-24T22:20:18","guid":{"rendered":"https:\/\/www.radiosanctispiritus.cu\/es\/?p=68301"},"modified":"2026-04-24T14:13:33","modified_gmt":"2026-04-24T18:13:33","slug":"segundo-convoy-europeo-primero-de-mayo-visito-universidad-de-ciencias-medicas-de-santiago-de-cuba","status":"publish","type":"post","link":"https:\/\/www.radiosanctispiritus.cu\/es\/segundo-convoy-europeo-primero-de-mayo-visito-universidad-de-ciencias-medicas-de-santiago-de-cuba\/","title":{"rendered":"Segundo Convoy europeo \u201cPrimero de Mayo\u201d visit\u00f3 Universidad de Ciencias M\u00e9dicas de Santiago de Cuba"},"content":{"rendered":"<div class=\"note_content\">\n<p>Santiago de Cuba volvi\u00f3 a ser escenario de un emotivo encuentro marcado por la memoria, la gratitud y la solidaridad. El rector de la Universidad de Ciencias M\u00e9dicas, Dr. Abel Tob\u00edas Su\u00e1rez Olivares, recibi\u00f3 al\u00a0segundo Convoy europeo solidario con Cuba \u201cPrimero de Mayo\u201d,\u00a0en una jornada cargada de simbolismo.<\/p>\n<p>El momento estuvo atravesado por recuerdos que a\u00fan laten con fuerza. Abel Tob\u00edas no es solo hoy el anfitri\u00f3n: fue tambi\u00e9n uno de los m\u00e9dicos cubanos que integr\u00f3 la brigada que viaj\u00f3 a Tur\u00edn, Italia, durante los momentos m\u00e1s complejos de la pandemia de la COVID-19 en Europa. All\u00ed, en zona roja, se tejieron lazos que hoy reaparecen con renovada intensidad.<\/p>\n<p>En medio del actual contexto de asfixia energ\u00e9tica que vive la Isla, la visita del convoy adquiere un significado especial.\u00a0Se trata de un gesto que regresa, de una solidaridad que se multiplica y se reconoce como propia, en una relaci\u00f3n que muchos de sus protagonistas describen como de hermanos.<\/p>\n<p>Algunos de los integrantes del convoy fueron, en aquellos d\u00edas dif\u00edciles, traductores de los m\u00e9dicos cubanos. Entre ellos, acompa\u00f1aron de cerca al propio Abel Tob\u00edas, facilitando la comunicaci\u00f3n en circunstancias extremas.<\/p>\n<p>Las historias personales se entrelazan y cobran vida en este nuevo cap\u00edtulo. Resalta, entre ellas, la de Ileana N\u00fa\u00f1ez, soprano cubana radicada en Italia, quien durante la pandemia\u00a0asumi\u00f3 la labor de traducci\u00f3n en Tur\u00edn,\u00a0poniendo su voz \u2014y su propia seguridad\u2014 al servicio de la vida. Su abrazo con el rector sintetiz\u00f3 la emoci\u00f3n de un reencuentro que trasciende lo institucional.<\/p>\n<p>El segundo Convoy europeo solidario ya deja su huella en Santiago de Cuba, donde el oriente del pa\u00eds se convierte en epicentro de estos intercambios profundamente humanos, en los que la solidaridad vuelve a confirmarse como puente entre pueblos.<\/p>\n<p>&nbsp;<\/p>\n<\/div>\n","protected":false},"excerpt":{"rendered":"<p>Santiago de Cuba volvi\u00f3 a ser escenario de un emotivo encuentro marcado por la memoria, la gratitud y la solidaridad. El rector de la Universidad de Ciencias M\u00e9dicas, Dr. Abel Tob\u00edas Su\u00e1rez Olivares, recibi\u00f3 al\u00a0segundo Convoy europeo solidario con Cuba \u201cPrimero de Mayo\u201d,\u00a0en una jornada cargada de simbolismo. El momento estuvo atravesado por recuerdos que [&hellip;]<\/p>\n","protected":false},"author":26,"featured_media":68307,"comment_status":"open","ping_status":"open","sticky":false,"template":"","format":"standard","meta":{"_acf_changed":false,"footnotes":""},"categories":[3],"tags":[],"coauthors":[1887],"class_list":["post-68301","post","type-post","status-publish","format-standard","has-post-thumbnail","hentry","category-cuba"],"acf":[],"_links":{"self":[{"href":"https:\/\/www.radiosanctispiritus.cu\/es\/wp-json\/wp\/v2\/posts\/68301","targetHints":{"allow":["GET"]}}],"collection":[{"href":"https:\/\/www.radiosanctispiritus.cu\/es\/wp-json\/wp\/v2\/posts"}],"about":[{"href":"https:\/\/www.radiosanctispiritus.cu\/es\/wp-json\/wp\/v2\/types\/post"}],"author":[{"embeddable":true,"href":"https:\/\/www.radiosanctispiritus.cu\/es\/wp-json\/wp\/v2\/users\/26"}],"replies":[{"embeddable":true,"href":"https:\/\/www.radiosanctispiritus.cu\/es\/wp-json\/wp\/v2\/comments?post=68301"}],"version-history":[{"count":2,"href":"https:\/\/www.radiosanctispiritus.cu\/es\/wp-json\/wp\/v2\/posts\/68301\/revisions"}],"predecessor-version":[{"id":68315,"href":"https:\/\/www.radiosanctispiritus.cu\/es\/wp-json\/wp\/v2\/posts\/68301\/revisions\/68315"}],"wp:featuredmedia":[{"embeddable":true,"href":"https:\/\/www.radiosanctispiritus.cu\/es\/wp-json\/wp\/v2\/media\/68307"}],"wp:attachment":[{"href":"https:\/\/www.radiosanctispiritus.cu\/es\/wp-json\/wp\/v2\/media?parent=68301"}],"wp:term":[{"taxonomy":"category","embeddable":true,"href":"https:\/\/www.radiosanctispiritus.cu\/es\/wp-json\/wp\/v2\/categories?post=68301"},{"taxonomy":"post_tag","embeddable":true,"href":"https:\/\/www.radiosanctispiritus.cu\/es\/wp-json\/wp\/v2\/tags?post=68301"},{"taxonomy":"author","embeddable":true,"href":"https:\/\/www.radiosanctispiritus.cu\/es\/wp-json\/wp\/v2\/coauthors?post=68301"}],"curies":[{"name":"wp","href":"https:\/\/api.w.org\/{rel}","templated":true}]}}