{"id":68060,"date":"2026-04-21T15:16:21","date_gmt":"2026-04-21T19:16:21","guid":{"rendered":"https:\/\/www.radiosanctispiritus.cu\/es\/?p=68060"},"modified":"2026-04-21T15:16:21","modified_gmt":"2026-04-21T19:16:21","slug":"campesinos-espirituanos-inmersos-en-acciones-por-el-aniversario-65-de-la-anap","status":"publish","type":"post","link":"https:\/\/www.radiosanctispiritus.cu\/es\/campesinos-espirituanos-inmersos-en-acciones-por-el-aniversario-65-de-la-anap\/","title":{"rendered":"Campesinos espirituanos inmersos en acciones por el aniversario 65 de la ANAP"},"content":{"rendered":"<div class=\"ds-message _63c77b1\">\n<div class=\"ds-markdown\">\n<p class=\"ds-markdown-paragraph\">La Asociaci\u00f3n Nacional de Agricultores Peque\u00f1os (ANAP) en el municipio de Sancti Sp\u00edritus se encuentra inmersa en un ambicioso programa de actividades en saludo al 17 de mayo, D\u00eda del Campesinado Cubano. La organizaci\u00f3n se prepara para celebrar una de las fechas m\u00e1s significativas para los trabajadores del campo.<\/p>\n<p class=\"ds-markdown-paragraph\">En articulaci\u00f3n con las autoridades gubernamentales y del Sistema de la Agricultura en el territorio, se ofrece especial seguimiento al accionar de las juntas directivas, su funcionamiento y la atenci\u00f3n que estas deben ofrecer a los campesinos. El objetivo es fortalecer la labor de base y garantizar una preparaci\u00f3n integral de cara a la conmemoraci\u00f3n.<\/p>\n<p><iframe src=\"https:\/\/www.ivoox.com\/player_ej_172328755_6_1.html?c1=7a0d0b\" width=\"100%\" height=\"200\" frameborder=\"0\" scrolling=\"no\" allowfullscreen=\"allowfullscreen\"><\/iframe><\/p>\n<\/div>\n<\/div>\n","protected":false},"excerpt":{"rendered":"<p>La Asociaci\u00f3n Nacional de Agricultores Peque\u00f1os (ANAP) en el municipio de Sancti Sp\u00edritus se encuentra inmersa en un ambicioso programa de actividades en saludo al 17 de mayo, D\u00eda del Campesinado Cubano.<\/p>\n","protected":false},"author":151,"featured_media":68061,"comment_status":"open","ping_status":"open","sticky":false,"template":"","format":"standard","meta":{"_acf_changed":false,"footnotes":""},"categories":[8,9,1],"tags":[],"coauthors":[1941],"class_list":["post-68060","post","type-post","status-publish","format-standard","has-post-thumbnail","hentry","category-noticia","category-en-audio","category-sancti-spiritus"],"acf":[],"_links":{"self":[{"href":"https:\/\/www.radiosanctispiritus.cu\/es\/wp-json\/wp\/v2\/posts\/68060","targetHints":{"allow":["GET"]}}],"collection":[{"href":"https:\/\/www.radiosanctispiritus.cu\/es\/wp-json\/wp\/v2\/posts"}],"about":[{"href":"https:\/\/www.radiosanctispiritus.cu\/es\/wp-json\/wp\/v2\/types\/post"}],"author":[{"embeddable":true,"href":"https:\/\/www.radiosanctispiritus.cu\/es\/wp-json\/wp\/v2\/users\/151"}],"replies":[{"embeddable":true,"href":"https:\/\/www.radiosanctispiritus.cu\/es\/wp-json\/wp\/v2\/comments?post=68060"}],"version-history":[{"count":1,"href":"https:\/\/www.radiosanctispiritus.cu\/es\/wp-json\/wp\/v2\/posts\/68060\/revisions"}],"predecessor-version":[{"id":68062,"href":"https:\/\/www.radiosanctispiritus.cu\/es\/wp-json\/wp\/v2\/posts\/68060\/revisions\/68062"}],"wp:featuredmedia":[{"embeddable":true,"href":"https:\/\/www.radiosanctispiritus.cu\/es\/wp-json\/wp\/v2\/media\/68061"}],"wp:attachment":[{"href":"https:\/\/www.radiosanctispiritus.cu\/es\/wp-json\/wp\/v2\/media?parent=68060"}],"wp:term":[{"taxonomy":"category","embeddable":true,"href":"https:\/\/www.radiosanctispiritus.cu\/es\/wp-json\/wp\/v2\/categories?post=68060"},{"taxonomy":"post_tag","embeddable":true,"href":"https:\/\/www.radiosanctispiritus.cu\/es\/wp-json\/wp\/v2\/tags?post=68060"},{"taxonomy":"author","embeddable":true,"href":"https:\/\/www.radiosanctispiritus.cu\/es\/wp-json\/wp\/v2\/coauthors?post=68060"}],"curies":[{"name":"wp","href":"https:\/\/api.w.org\/{rel}","templated":true}]}}