{"id":67955,"date":"2026-04-20T15:20:48","date_gmt":"2026-04-20T19:20:48","guid":{"rendered":"https:\/\/www.radiosanctispiritus.cu\/es\/?p=67955"},"modified":"2026-04-20T15:20:48","modified_gmt":"2026-04-20T19:20:48","slug":"ejecuta-frutas-selectas-sancti-spiritus-diversas-acciones-rumbo-al-primero-de-mayo","status":"publish","type":"post","link":"https:\/\/www.radiosanctispiritus.cu\/es\/ejecuta-frutas-selectas-sancti-spiritus-diversas-acciones-rumbo-al-primero-de-mayo\/","title":{"rendered":"Ejecuta Frutas Selectas Sancti Sp\u00edritus diversas acciones rumbo al Primero de Mayo"},"content":{"rendered":"<p class=\"ds-markdown-paragraph\">Los trabajadores de la unidad empresarial de base Frutas Selecta Sancti Sp\u00edritus se preparan para celebrar el D\u00eda del Proletariado Mundial, una jornada que este a\u00f1o adquiere un significado especial al sumar la condici\u00f3n de Colectivo Vanguardia Nacional.<\/p>\n<p class=\"ds-markdown-paragraph\">Seg\u00fan Miozoti Alfonso Quezada, secretaria de la secci\u00f3n sindical, para ellos cada Primero de Mayo ha sido siempre una fecha de fiesta, por lo que se encuentran inmersos en la organizaci\u00f3n de trabajos voluntarios, limpieza e higienizaci\u00f3n de la entidad.<\/p>\n<p><iframe src=\"https:\/\/www.ivoox.com\/player_ej_172234906_6_1.html?c1=7a0d0b\" width=\"100%\" height=\"200\" frameborder=\"0\" scrolling=\"no\" allowfullscreen=\"allowfullscreen\"><\/iframe><\/p>\n","protected":false},"excerpt":{"rendered":"<p>Los trabajadores de la unidad empresarial de base Frutas Selecta Sancti Sp\u00edritus se preparan para celebrar el D\u00eda del Proletariado Mundial, una jornada que este a\u00f1o adquiere un significado especial al sumar la condici\u00f3n de Colectivo Vanguardia Nacional.<\/p>\n","protected":false},"author":151,"featured_media":31641,"comment_status":"open","ping_status":"open","sticky":false,"template":"","format":"standard","meta":{"_acf_changed":false,"footnotes":""},"categories":[9,8,1],"tags":[],"coauthors":[1941],"class_list":["post-67955","post","type-post","status-publish","format-standard","has-post-thumbnail","hentry","category-en-audio","category-noticia","category-sancti-spiritus"],"acf":[],"_links":{"self":[{"href":"https:\/\/www.radiosanctispiritus.cu\/es\/wp-json\/wp\/v2\/posts\/67955","targetHints":{"allow":["GET"]}}],"collection":[{"href":"https:\/\/www.radiosanctispiritus.cu\/es\/wp-json\/wp\/v2\/posts"}],"about":[{"href":"https:\/\/www.radiosanctispiritus.cu\/es\/wp-json\/wp\/v2\/types\/post"}],"author":[{"embeddable":true,"href":"https:\/\/www.radiosanctispiritus.cu\/es\/wp-json\/wp\/v2\/users\/151"}],"replies":[{"embeddable":true,"href":"https:\/\/www.radiosanctispiritus.cu\/es\/wp-json\/wp\/v2\/comments?post=67955"}],"version-history":[{"count":2,"href":"https:\/\/www.radiosanctispiritus.cu\/es\/wp-json\/wp\/v2\/posts\/67955\/revisions"}],"predecessor-version":[{"id":67960,"href":"https:\/\/www.radiosanctispiritus.cu\/es\/wp-json\/wp\/v2\/posts\/67955\/revisions\/67960"}],"wp:featuredmedia":[{"embeddable":true,"href":"https:\/\/www.radiosanctispiritus.cu\/es\/wp-json\/wp\/v2\/media\/31641"}],"wp:attachment":[{"href":"https:\/\/www.radiosanctispiritus.cu\/es\/wp-json\/wp\/v2\/media?parent=67955"}],"wp:term":[{"taxonomy":"category","embeddable":true,"href":"https:\/\/www.radiosanctispiritus.cu\/es\/wp-json\/wp\/v2\/categories?post=67955"},{"taxonomy":"post_tag","embeddable":true,"href":"https:\/\/www.radiosanctispiritus.cu\/es\/wp-json\/wp\/v2\/tags?post=67955"},{"taxonomy":"author","embeddable":true,"href":"https:\/\/www.radiosanctispiritus.cu\/es\/wp-json\/wp\/v2\/coauthors?post=67955"}],"curies":[{"name":"wp","href":"https:\/\/api.w.org\/{rel}","templated":true}]}}