{"id":6783,"date":"2023-01-11T21:47:49","date_gmt":"2023-01-12T02:47:49","guid":{"rendered":"https:\/\/www.radiosanctispiritus.cu\/es\/?p=6783"},"modified":"2023-01-11T21:47:49","modified_gmt":"2023-01-12T02:47:49","slug":"ministra-de-la-india-realizara-visita-oficial-a-cuba","status":"publish","type":"post","link":"https:\/\/www.radiosanctispiritus.cu\/es\/ministra-de-la-india-realizara-visita-oficial-a-cuba\/","title":{"rendered":"Ministra de la India realizar\u00e1 visita oficial a Cuba"},"content":{"rendered":"<p>Meenakashi Lekhi, ministra de Estado para Asuntos Exteriores y Culturales de la Rep\u00fablica de la India, iniciar\u00e1 este jueves una visita oficial a Cuba, seg\u00fan inform\u00f3 la Canciller\u00eda en su sitio web.<\/p>\n<p>Refiri\u00f3 el texto que durante su estancia, que se extender\u00e1 hasta el s\u00e1bado, la visitante sostendr\u00e1 conversaciones con autoridades cubanas y realizar\u00e1 otras actividades de inter\u00e9s.<\/p>\n<p>La isla caribe\u00f1a ser\u00e1 el primer destino de la gira de la Ministra por Am\u00e9rica Latina y el Caribe, que comprende naciones como Guatemala, Bolivia y El Salvador.<\/p>\n<p>Cuba y la India mantienen relaciones diplom\u00e1ticas desde 1960 sustentadas en los v\u00ednculos de amistad y solidaridad que existen entre los pueblos y gobiernos de ambos pa\u00edses.<\/p>\n","protected":false},"excerpt":{"rendered":"<p>Meenakashi Lekhi, ministra de Estado para Asuntos Exteriores y Culturales de la Rep\u00fablica de la India, iniciar\u00e1 este jueves una visita oficial a Cuba.<\/p>\n","protected":false},"author":123,"featured_media":6784,"comment_status":"open","ping_status":"open","sticky":false,"template":"","format":"standard","meta":{"_acf_changed":false,"footnotes":""},"categories":[3,8],"tags":[618,575],"coauthors":[],"class_list":["post-6783","post","type-post","status-publish","format-standard","has-post-thumbnail","hentry","category-cuba","category-noticia","tag-cuba-india","tag-cuba-minrex"],"acf":[],"_links":{"self":[{"href":"https:\/\/www.radiosanctispiritus.cu\/es\/wp-json\/wp\/v2\/posts\/6783","targetHints":{"allow":["GET"]}}],"collection":[{"href":"https:\/\/www.radiosanctispiritus.cu\/es\/wp-json\/wp\/v2\/posts"}],"about":[{"href":"https:\/\/www.radiosanctispiritus.cu\/es\/wp-json\/wp\/v2\/types\/post"}],"author":[{"embeddable":true,"href":"https:\/\/www.radiosanctispiritus.cu\/es\/wp-json\/wp\/v2\/users\/123"}],"replies":[{"embeddable":true,"href":"https:\/\/www.radiosanctispiritus.cu\/es\/wp-json\/wp\/v2\/comments?post=6783"}],"version-history":[{"count":0,"href":"https:\/\/www.radiosanctispiritus.cu\/es\/wp-json\/wp\/v2\/posts\/6783\/revisions"}],"wp:featuredmedia":[{"embeddable":true,"href":"https:\/\/www.radiosanctispiritus.cu\/es\/wp-json\/wp\/v2\/media\/6784"}],"wp:attachment":[{"href":"https:\/\/www.radiosanctispiritus.cu\/es\/wp-json\/wp\/v2\/media?parent=6783"}],"wp:term":[{"taxonomy":"category","embeddable":true,"href":"https:\/\/www.radiosanctispiritus.cu\/es\/wp-json\/wp\/v2\/categories?post=6783"},{"taxonomy":"post_tag","embeddable":true,"href":"https:\/\/www.radiosanctispiritus.cu\/es\/wp-json\/wp\/v2\/tags?post=6783"},{"taxonomy":"author","embeddable":true,"href":"https:\/\/www.radiosanctispiritus.cu\/es\/wp-json\/wp\/v2\/coauthors?post=6783"}],"curies":[{"name":"wp","href":"https:\/\/api.w.org\/{rel}","templated":true}]}}