{"id":6730,"date":"2023-01-09T22:19:27","date_gmt":"2023-01-10T03:19:27","guid":{"rendered":"https:\/\/www.radiosanctispiritus.cu\/es\/?p=6730"},"modified":"2023-01-09T22:19:27","modified_gmt":"2023-01-10T03:19:27","slug":"ignominia-al-decoro-de-un-grande","status":"publish","type":"post","link":"https:\/\/www.radiosanctispiritus.cu\/es\/ignominia-al-decoro-de-un-grande\/","title":{"rendered":"Ignominia al decoro de un grande"},"content":{"rendered":"<p>La decisi\u00f3n de llamar a filas a 12 peloteros cubanos que juegan en la Gran Carpa o en ligas for\u00e1neas, muchos lo valoran como algo hist\u00f3rico, y no dudo que lo sea, pero el sabor para los espirituanos es m\u00e1s amargo que dulce. Dejar fuera de esa pren\u00f3mina de 50 jugadores al \u201cgran\u201d Frederich \u00a0Cepeda, el hombre r\u00e9cord de los Cl\u00e1sicos mundiales, es una ignominia al decoro de un pueblo que le corre sangre beisbolera por sus venas.<\/p>\n<p>Dolido, muy dolido por la subestimaci\u00f3n a su linda \u00a0carrera dentro del deporte de las bolas y los strikes, conversamos v\u00eda telef\u00f3nica con el gran Cepeda, y a su pedido, de no dar una entrevista, por respeto, conservo bien guardadas en mi mente las palabras del mejor bateador cubano de todos los tiempos en Cl\u00e1sicos mundiales.<\/p>\n<p>Una cosa s\u00ed quiero dejar bien claro, por el prestigio y la verg\u00fcenza deportiva de Cepeda, alguien en este pa\u00eds deb\u00eda darle una explicaci\u00f3n, porque nadie, se ha tomado, ni tan siquiera el trabajo de hacerle una llamada, o preguntarle c\u00f3mo se siente el hombre-leyenda de la pelota cubana.<\/p>\n<p>Ese que en 20 a\u00f1os como integrante de nuestra selecci\u00f3n nacional es el \u00fanico pelotero cubano con el aval de todos los Cl\u00e1sicos Mundiales desde el 2006 y \u00fanico en el mundo en activo que pudiera haber concurrido a su quinta edici\u00f3n, pues los otros 20 ya est\u00e1n retirados.<\/p>\n<p>A pesar de escucharlo v\u00eda telef\u00f3nica con voz firme y en\u00e9rgica, sent\u00ed el h\u00e1lito del \u00a0desaliento y el dolor, y rememoro aquellas palabras de Fidel Castro en sus reflexiones del 17 de marzo de 2009, cuando dijo: \u201cContamos con un modelo a seguir en nuestro equipo: la incre\u00edble serenidad y seguridad de Cepeda, a quien deseo rendir homenaje en esta reflexi\u00f3n, por sus proezas. No ha variado en lo m\u00e1s m\u00ednimo su eficiencia deportiva desde la primera vez al bate en el Cl\u00e1sico. Ayer cuando ten\u00edamos 5 carreras contra M\u00e9xico, 4 las hab\u00eda impulsado \u00e9l. Ese partido demostr\u00f3 que podemos vencer al adversario\u2026\u201d.<\/p>\n<p>Pero la historia y el presente no pueden olvidar al espirituano, que carga sobre sus espaldas, entre otros grandes hechos, el jonr\u00f3n que nos coloc\u00f3 a las puertas del empate contra Jap\u00f3n en la final del 2006; cinco lideratos hist\u00f3ricos en Cl\u00e1sicos Mundiales (hit, anotadas, impulsadas, dobles y bases por bolas), ser el jugador m\u00e1s valioso de la Serie del Caribe del 2015 (\u00faltimo torneo de gran nivel ganado por Cuba) y como si fuera poco y contradictorio el liderato de bateo de la \u00faltima Serie Nacional, esa Liga a la que Armando Johnson, actual director del equipo Cuba dijo en la conferencia de prensa \u201cfue el principal medidor en el rendimiento para que nuestros peloteros de casa integraran el equipo\u201d:<\/p>\n<p>Y me viene a la mente Ernesto J\u00e9rez, la principal voz de la narraci\u00f3n del b\u00e9isbol en espa\u00f1ol en la cadena televisiva ESPN, cuando Frederich Cepeda dispar\u00f3 cuadrangular ante Jap\u00f3n, y acerc\u00f3 a Cuba a una carrera del empate.<\/p>\n<p>El autor de la c\u00e9lebre frase para \u2018cantar\u2019 los jonrones, aquella noche se luci\u00f3 con el largo batazo de Frederich: \u201cEn direcci\u00f3n al jard\u00edn izquierdo, Cepeda, a lo profundo, no, no, no, no, no, no, d\u00edganle que no a esa pelota\u201d.<\/p>\n<p>Y me pregunto: \u00bfc\u00f3mo la direcci\u00f3n de la pelota cubana, su Comisi\u00f3n Nacional, o qui\u00e9n sea, puede olvidar esa noche donde Cuba salt\u00f3 de sus sillones frente al televisor, grit\u00f3 y festej\u00f3 con ese cuadrangular? Y esa haza\u00f1a nadie, por muy obstinado que sea, puede obviarla.<\/p>\n<p>Y la inclusi\u00f3n del pelotero yayabero en el equipo Cuba al V Cl\u00e1sico Mundial de B\u00e9isbol es casi un\u00e1nime en las redes sociales, la voz del b\u00e9isbol de Grandes Ligas por <em><i>ESPN<\/i><\/em>, se hizo sentir hoy, al expresar: \u201cLe tengo un pedido al equipo Cuba para el Cl\u00e1sico Mundial de B\u00e9isbol, por favor, incluyan a Frederich Cepeda en la selecci\u00f3n. Ser\u00eda su quinta participaci\u00f3n desde que este evento inici\u00f3 en 2006 y ha demostrado que todav\u00eda tiene el talento para representar a su pa\u00eds\u201d.<\/p>\n<p>Contin\u00faa el narrador: \u201cSi miramos su trayectoria internacional, es el rey de los Cl\u00e1sicos Mundiales, pues luego de asistir a los primeros cuatro torneos, sobresale como l\u00edder hist\u00f3rico en carreras anotadas (19), hits (32), dobles (8), carreras remolcadas (23), bases por bolas (22) y extrabases (15), adem\u00e1s de destacarse entre los \u00fanicos 12 jugadores que han participado en todas las ediciones del torneo.<\/p>\n<p>A esto se suma que solo \u00e9l ha pegado jonrones a las dos manos en el evento\u201d.<\/p>\n<p>\u00bfC\u00f3mo es posible que la leyenda activa de la pelota espirituana y cubana no quepa en este equipo Cuba al Cl\u00e1sico? En serio, una vez m\u00e1s, darle la espalda a un extraclase como Frederich Cepeda, no tiene perd\u00f3n.<\/p>\n<p>&nbsp;<\/p>\n<p>&nbsp;<\/p>\n<p>&nbsp;<\/p>\n","protected":false},"excerpt":{"rendered":"<p>Frederich Cepeda resulta el \u00fanico jugador en el mundo en activo que pudiera haber concurrido a la quinta edici\u00f3n del Cl\u00e1sico Mundial de B\u00e9isbol.<\/p>\n","protected":false},"author":11,"featured_media":6731,"comment_status":"open","ping_status":"open","sticky":false,"template":"","format":"standard","meta":{"_acf_changed":false,"footnotes":""},"categories":[7,8],"tags":[577,616],"coauthors":[],"class_list":["post-6730","post","type-post","status-publish","format-standard","has-post-thumbnail","hentry","category-deporte","category-noticia","tag-clasico-mundial-de-beisbol","tag-frederich-cepeda"],"acf":[],"_links":{"self":[{"href":"https:\/\/www.radiosanctispiritus.cu\/es\/wp-json\/wp\/v2\/posts\/6730","targetHints":{"allow":["GET"]}}],"collection":[{"href":"https:\/\/www.radiosanctispiritus.cu\/es\/wp-json\/wp\/v2\/posts"}],"about":[{"href":"https:\/\/www.radiosanctispiritus.cu\/es\/wp-json\/wp\/v2\/types\/post"}],"author":[{"embeddable":true,"href":"https:\/\/www.radiosanctispiritus.cu\/es\/wp-json\/wp\/v2\/users\/11"}],"replies":[{"embeddable":true,"href":"https:\/\/www.radiosanctispiritus.cu\/es\/wp-json\/wp\/v2\/comments?post=6730"}],"version-history":[{"count":0,"href":"https:\/\/www.radiosanctispiritus.cu\/es\/wp-json\/wp\/v2\/posts\/6730\/revisions"}],"wp:featuredmedia":[{"embeddable":true,"href":"https:\/\/www.radiosanctispiritus.cu\/es\/wp-json\/wp\/v2\/media\/6731"}],"wp:attachment":[{"href":"https:\/\/www.radiosanctispiritus.cu\/es\/wp-json\/wp\/v2\/media?parent=6730"}],"wp:term":[{"taxonomy":"category","embeddable":true,"href":"https:\/\/www.radiosanctispiritus.cu\/es\/wp-json\/wp\/v2\/categories?post=6730"},{"taxonomy":"post_tag","embeddable":true,"href":"https:\/\/www.radiosanctispiritus.cu\/es\/wp-json\/wp\/v2\/tags?post=6730"},{"taxonomy":"author","embeddable":true,"href":"https:\/\/www.radiosanctispiritus.cu\/es\/wp-json\/wp\/v2\/coauthors?post=6730"}],"curies":[{"name":"wp","href":"https:\/\/api.w.org\/{rel}","templated":true}]}}