{"id":6688,"date":"2023-01-08T15:23:59","date_gmt":"2023-01-08T20:23:59","guid":{"rendered":"https:\/\/www.radiosanctispiritus.cu\/es\/?p=6688"},"modified":"2023-01-08T15:23:59","modified_gmt":"2023-01-08T20:23:59","slug":"aumentan-en-sancti-spiritus-infecciones-respiratorias-agudas","status":"publish","type":"post","link":"https:\/\/www.radiosanctispiritus.cu\/es\/aumentan-en-sancti-spiritus-infecciones-respiratorias-agudas\/","title":{"rendered":"Aumentan en Sancti Sp\u00edritus infecciones respiratorias agudas"},"content":{"rendered":"<p>Las infecciones respiratorias agudas en el municipio de Sancti Sp\u00edritus aumentaron en las \u00faltimas tres semanas dado al incremento de casos notificados por la circulaci\u00f3n de varios virus respiratorios.<\/p>\n<audio class=\"wp-audio-shortcode\" id=\"audio-6688-1\" preload=\"none\" style=\"width: 100%;\" controls=\"controls\"><source type=\"audio\/mpeg\" src=\"https:\/\/www.ivoox.com\/yoanna-herrera-al-dia-7-1-23_md_101105289_wp_1.mp3?_=1\" \/><a href=\"https:\/\/www.ivoox.com\/yoanna-herrera-al-dia-7-1-23_md_101105289_wp_1.mp3\" target=\"_blank\" rel=\"noopener\">https:\/\/www.ivoox.com\/yoanna-herrera-al-dia-7-1-23_md_101105289_wp_1.mp3<\/a><\/audio>\n<p>&nbsp;<\/p>\n","protected":false},"excerpt":{"rendered":"<p>Las infecciones respiratorias agudas en el municipio de Sancti Sp\u00edritus aumentaron en las \u00faltimas tres semanas dado al incremento de casos notificados por la circulaci\u00f3n de varios virus respiratorios.<\/p>\n","protected":false},"author":119,"featured_media":6689,"comment_status":"open","ping_status":"open","sticky":false,"template":"","format":"standard","meta":{"_acf_changed":false,"footnotes":""},"categories":[9,5],"tags":[],"coauthors":[],"class_list":["post-6688","post","type-post","status-publish","format-standard","has-post-thumbnail","hentry","category-en-audio","category-salud"],"acf":[],"_links":{"self":[{"href":"https:\/\/www.radiosanctispiritus.cu\/es\/wp-json\/wp\/v2\/posts\/6688","targetHints":{"allow":["GET"]}}],"collection":[{"href":"https:\/\/www.radiosanctispiritus.cu\/es\/wp-json\/wp\/v2\/posts"}],"about":[{"href":"https:\/\/www.radiosanctispiritus.cu\/es\/wp-json\/wp\/v2\/types\/post"}],"author":[{"embeddable":true,"href":"https:\/\/www.radiosanctispiritus.cu\/es\/wp-json\/wp\/v2\/users\/119"}],"replies":[{"embeddable":true,"href":"https:\/\/www.radiosanctispiritus.cu\/es\/wp-json\/wp\/v2\/comments?post=6688"}],"version-history":[{"count":0,"href":"https:\/\/www.radiosanctispiritus.cu\/es\/wp-json\/wp\/v2\/posts\/6688\/revisions"}],"wp:featuredmedia":[{"embeddable":true,"href":"https:\/\/www.radiosanctispiritus.cu\/es\/wp-json\/wp\/v2\/media\/6689"}],"wp:attachment":[{"href":"https:\/\/www.radiosanctispiritus.cu\/es\/wp-json\/wp\/v2\/media?parent=6688"}],"wp:term":[{"taxonomy":"category","embeddable":true,"href":"https:\/\/www.radiosanctispiritus.cu\/es\/wp-json\/wp\/v2\/categories?post=6688"},{"taxonomy":"post_tag","embeddable":true,"href":"https:\/\/www.radiosanctispiritus.cu\/es\/wp-json\/wp\/v2\/tags?post=6688"},{"taxonomy":"author","embeddable":true,"href":"https:\/\/www.radiosanctispiritus.cu\/es\/wp-json\/wp\/v2\/coauthors?post=6688"}],"curies":[{"name":"wp","href":"https:\/\/api.w.org\/{rel}","templated":true}]}}