{"id":6589,"date":"2023-01-04T23:04:05","date_gmt":"2023-01-05T04:04:05","guid":{"rendered":"https:\/\/www.radiosanctispiritus.cu\/es\/?p=6589"},"modified":"2023-01-04T23:04:05","modified_gmt":"2023-01-05T04:04:05","slug":"decreta-el-presidente-de-la-republica-duelo-oficial-en-cuba-2","status":"publish","type":"post","link":"https:\/\/www.radiosanctispiritus.cu\/es\/decreta-el-presidente-de-la-republica-duelo-oficial-en-cuba-2\/","title":{"rendered":"Decreta el Presidente de la Rep\u00fablica\u00a0Duelo Oficial  en Cuba"},"content":{"rendered":"<p>Nuestro pueblo, con profundo pesar, ha conocido del fallecimiento del Papa em\u00e9rito Benedicto XVI, a quien tuvo la oportunidad de acoger con sentimientos de respeto y afecto durante su visita pastoral a Cuba en el a\u00f1o 2012.<\/p>\n<p>Por tal motivo, el Presidente de la Rep\u00fablica de Cuba decret\u00f3 Duelo Oficial, desde las 06:00 a. m.\u00a0hasta las 12 de la noche del 5 de enero.<\/p>\n<p>Benedicto XVI manifest\u00f3 afectuosos sentimientos hacia los cubanos y se pronunci\u00f3 contra el bloqueo econ\u00f3mico, comercial y financiero que se impone a Cuba, se\u00f1alando que los esfuerzos por cimentar una sociedad de amplios horizontes, renovada y reconciliada, se afectan cuando las medidas econ\u00f3micas impuestas desde fuera del pa\u00eds pesan negativamente sobre la poblaci\u00f3n.<\/p>\n<p>Durante la vigencia del Duelo Oficial la Bandera de la Estrella Solitaria deber\u00e1 izarse a media asta en los edificios p\u00fablicos e instituciones militares.<\/p>\n","protected":false},"excerpt":{"rendered":"<p>La decisi\u00f3n obedece al reciente fallecimiento del Papa em\u00e9rito Benedicto XVI y estar\u00e1 vigente desde las 06:00 a. m.\u00a0hasta las 12 de la noche de este 5 de enero.\u00a0<\/p>\n","protected":false},"author":123,"featured_media":6590,"comment_status":"open","ping_status":"open","sticky":false,"template":"","format":"standard","meta":{"_acf_changed":false,"footnotes":""},"categories":[3,8],"tags":[608,207,28],"coauthors":[],"class_list":["post-6589","post","type-post","status-publish","format-standard","has-post-thumbnail","hentry","category-cuba","category-noticia","tag-cuba-vaticano","tag-duelo-oficial","tag-miguel-diaz-canel"],"acf":[],"_links":{"self":[{"href":"https:\/\/www.radiosanctispiritus.cu\/es\/wp-json\/wp\/v2\/posts\/6589","targetHints":{"allow":["GET"]}}],"collection":[{"href":"https:\/\/www.radiosanctispiritus.cu\/es\/wp-json\/wp\/v2\/posts"}],"about":[{"href":"https:\/\/www.radiosanctispiritus.cu\/es\/wp-json\/wp\/v2\/types\/post"}],"author":[{"embeddable":true,"href":"https:\/\/www.radiosanctispiritus.cu\/es\/wp-json\/wp\/v2\/users\/123"}],"replies":[{"embeddable":true,"href":"https:\/\/www.radiosanctispiritus.cu\/es\/wp-json\/wp\/v2\/comments?post=6589"}],"version-history":[{"count":0,"href":"https:\/\/www.radiosanctispiritus.cu\/es\/wp-json\/wp\/v2\/posts\/6589\/revisions"}],"wp:featuredmedia":[{"embeddable":true,"href":"https:\/\/www.radiosanctispiritus.cu\/es\/wp-json\/wp\/v2\/media\/6590"}],"wp:attachment":[{"href":"https:\/\/www.radiosanctispiritus.cu\/es\/wp-json\/wp\/v2\/media?parent=6589"}],"wp:term":[{"taxonomy":"category","embeddable":true,"href":"https:\/\/www.radiosanctispiritus.cu\/es\/wp-json\/wp\/v2\/categories?post=6589"},{"taxonomy":"post_tag","embeddable":true,"href":"https:\/\/www.radiosanctispiritus.cu\/es\/wp-json\/wp\/v2\/tags?post=6589"},{"taxonomy":"author","embeddable":true,"href":"https:\/\/www.radiosanctispiritus.cu\/es\/wp-json\/wp\/v2\/coauthors?post=6589"}],"curies":[{"name":"wp","href":"https:\/\/api.w.org\/{rel}","templated":true}]}}