{"id":65354,"date":"2026-03-17T23:53:32","date_gmt":"2026-03-18T03:53:32","guid":{"rendered":"https:\/\/www.radiosanctispiritus.cu\/es\/?p=65354"},"modified":"2026-03-18T10:24:38","modified_gmt":"2026-03-18T14:24:38","slug":"directivos-de-la-universidad-espirituana-dialogan-con-estudiantes","status":"publish","type":"post","link":"https:\/\/www.radiosanctispiritus.cu\/es\/directivos-de-la-universidad-espirituana-dialogan-con-estudiantes\/","title":{"rendered":"Directivos de la Universidad espirituana dialogan con estudiantes"},"content":{"rendered":"<p>Con el fin de dar seguimiento a todo lo concerniente a la continuidad del proceso formativo, el Consejo de Direcci\u00f3n de la Universidad de Sancti Sp\u00edritus Jos\u00e9 Mart\u00ed (UNISS), encabezado por su rector Doctor en Ciencias Edelvy Bravo Amarante, sostiene intercambios con estudiantes y decanos de las cinco Facultades de la casa de altos estudios.<\/p>\n<p>Este martes, el encuentro fue con muchachos de las facultades de Ciencias T\u00e9cnicas y Econ\u00f3micas, Agropecuaria y Cultura F\u00edsica, en los que se explic\u00f3 los diferentes escenarios de modelaci\u00f3n que garantizan la marcha del calendario acad\u00e9mico.<\/p>\n<p>Temas relacionados con la culminaci\u00f3n de estudios en los a\u00f1os terminales, el uso de las Plataformas Interactivas, el estipendio estudiantil, la instalaci\u00f3n de Sistemas fotovoltaico en la Alma Mater y en los Centros Universitarios Municipales (CUM), estuvieron en el centro del intercambio.<\/p>\n<p>De acuerdo con la vicerrectora de la universidad espirituana Doctora en Ciencias Maytee Su\u00e1rez Pedroso, otro de los t\u00f3picos abordados estuvo relacionado con la continuidad de las tareas de impacto en instituciones y comunidades del territorio, as\u00ed como el v\u00ednculo a la pr\u00e1ctica preprofesional de los j\u00f3venes universitarios.<\/p>\n<p>Para este mi\u00e9rcoles 18, el encuentro ser\u00e1 con los estudiantes de las Facultades de Humanidades y Ciencias Pedag\u00f3gicas, un escenario donde se escuchan y aclaran tambi\u00e9n las principales inquietudes de la comunidad universitaria de Sancti Sp\u00edritus.<\/p>\n","protected":false},"excerpt":{"rendered":"<p>Con el fin de dar seguimiento a todo lo concerniente a la continuidad del proceso formativo, el Consejo de Direcci\u00f3n de la Universidad de Sancti Sp\u00edritus Jos\u00e9 Mart\u00ed (UNISS), encabezado por su rector Doctor en Ciencias Edelvy Bravo Amarante, sostiene intercambios con estudiantes y decanos de las cinco Facultades de la casa de altos estudios.<\/p>\n","protected":false},"author":8,"featured_media":58720,"comment_status":"open","ping_status":"open","sticky":false,"template":"","format":"standard","meta":{"_acf_changed":false,"footnotes":""},"categories":[8,14,1],"tags":[656,1821],"coauthors":[1917],"class_list":["post-65354","post","type-post","status-publish","format-standard","has-post-thumbnail","hentry","category-noticia","category-educacion","category-sancti-spiritus","tag-uniss","tag-universidad-de-sancti-spiritus-jose-marti"],"acf":[],"_links":{"self":[{"href":"https:\/\/www.radiosanctispiritus.cu\/es\/wp-json\/wp\/v2\/posts\/65354","targetHints":{"allow":["GET"]}}],"collection":[{"href":"https:\/\/www.radiosanctispiritus.cu\/es\/wp-json\/wp\/v2\/posts"}],"about":[{"href":"https:\/\/www.radiosanctispiritus.cu\/es\/wp-json\/wp\/v2\/types\/post"}],"author":[{"embeddable":true,"href":"https:\/\/www.radiosanctispiritus.cu\/es\/wp-json\/wp\/v2\/users\/8"}],"replies":[{"embeddable":true,"href":"https:\/\/www.radiosanctispiritus.cu\/es\/wp-json\/wp\/v2\/comments?post=65354"}],"version-history":[{"count":1,"href":"https:\/\/www.radiosanctispiritus.cu\/es\/wp-json\/wp\/v2\/posts\/65354\/revisions"}],"predecessor-version":[{"id":65355,"href":"https:\/\/www.radiosanctispiritus.cu\/es\/wp-json\/wp\/v2\/posts\/65354\/revisions\/65355"}],"wp:featuredmedia":[{"embeddable":true,"href":"https:\/\/www.radiosanctispiritus.cu\/es\/wp-json\/wp\/v2\/media\/58720"}],"wp:attachment":[{"href":"https:\/\/www.radiosanctispiritus.cu\/es\/wp-json\/wp\/v2\/media?parent=65354"}],"wp:term":[{"taxonomy":"category","embeddable":true,"href":"https:\/\/www.radiosanctispiritus.cu\/es\/wp-json\/wp\/v2\/categories?post=65354"},{"taxonomy":"post_tag","embeddable":true,"href":"https:\/\/www.radiosanctispiritus.cu\/es\/wp-json\/wp\/v2\/tags?post=65354"},{"taxonomy":"author","embeddable":true,"href":"https:\/\/www.radiosanctispiritus.cu\/es\/wp-json\/wp\/v2\/coauthors?post=65354"}],"curies":[{"name":"wp","href":"https:\/\/api.w.org\/{rel}","templated":true}]}}