{"id":65263,"date":"2026-03-17T05:03:00","date_gmt":"2026-03-17T09:03:00","guid":{"rendered":"https:\/\/www.radiosanctispiritus.cu\/es\/?p=65263"},"modified":"2026-03-17T21:10:48","modified_gmt":"2026-03-18T01:10:48","slug":"cambia-horario-de-salida-de-omnibus-de-la-ruta-habana-sancti-spiritus","status":"publish","type":"post","link":"https:\/\/www.radiosanctispiritus.cu\/es\/cambia-horario-de-salida-de-omnibus-de-la-ruta-habana-sancti-spiritus\/","title":{"rendered":"Cambia horario de salida de \u00f3mnibus de la ruta Habana-Sancti Sp\u00edritus"},"content":{"rendered":"<p>El Servicio de \u00d3mnibus Nacionales Habana-Sancti Sp\u00edritus mantiene su salida a la una de la madrugada desde la ciudad del Yayabo, aunque cambiar\u00e1 su horario de regreso desde la capital hacia la provincia de las 10.00AM para las 2 y 40 PM\u00a0 desde este martes 17 de marzo.<\/p>\n<p>As\u00ed lo confirm\u00f3 el director de la UEB \u00d3mnibus Nacionales en Sancti Sp\u00edritus, Jorge Luis Rodr\u00edguez Ojito, quien sostiene que se mantienen las medidas adoptadas por la empresa dada la crisis de combustible en el pa\u00eds.<\/p>\n<p>\u00abSe han ido manteniendo las mismas medidas, que como se inform\u00f3 en aquel momento, es una sola salida de la cabecera provincial hacia La Habana, pero tambi\u00e9n se mantienen los turnos m\u00e9dicos, que es el turno m\u00e9dico de radiaciones a Santa Clara de lunes a viernes, los turnos m\u00e9dicos Habana, que son los martes y los jueves, y el turno m\u00e9dico Santa Clara, que son los martes y los jueves. Se han tomado otras medidas, en el caso de la Direcci\u00f3n Provincial de Transporte, ha ido viendo casos sociales de que tienen que viajar con urgencia a La Habana, se ha puesto un \u00f3mnibus nosotros para cubrir esa ruta\u00bb.<\/p>\n<p><iframe src=\"https:\/\/www.ivoox.com\/player_ej_170212716_6_1.html?c1=7a0d0b\" width=\"100%\" height=\"200\" frameborder=\"0\" scrolling=\"no\" allowfullscreen=\"allowfullscreen\"><\/iframe><\/p>\n","protected":false},"excerpt":{"rendered":"<p>El Servicio de \u00d3mnibus Nacionales Habana-Sancti Sp\u00edritus mantiene su salida a la una de la madrugada desde la ciudad del Yayabo, aunque cambiar\u00e1 su horario de regreso desde la capital hacia la provincia a partir de este martes 17 de marzo.<\/p>\n","protected":false},"author":166,"featured_media":31932,"comment_status":"open","ping_status":"open","sticky":false,"template":"","format":"standard","meta":{"_acf_changed":false,"footnotes":""},"categories":[16,9,8,1],"tags":[453,317,144],"coauthors":[1901],"class_list":["post-65263","post","type-post","status-publish","format-standard","has-post-thumbnail","hentry","category-economia","category-en-audio","category-noticia","category-sancti-spiritus","tag-omnibus-nacionales","tag-pasajeros","tag-transporte"],"acf":[],"_links":{"self":[{"href":"https:\/\/www.radiosanctispiritus.cu\/es\/wp-json\/wp\/v2\/posts\/65263","targetHints":{"allow":["GET"]}}],"collection":[{"href":"https:\/\/www.radiosanctispiritus.cu\/es\/wp-json\/wp\/v2\/posts"}],"about":[{"href":"https:\/\/www.radiosanctispiritus.cu\/es\/wp-json\/wp\/v2\/types\/post"}],"author":[{"embeddable":true,"href":"https:\/\/www.radiosanctispiritus.cu\/es\/wp-json\/wp\/v2\/users\/166"}],"replies":[{"embeddable":true,"href":"https:\/\/www.radiosanctispiritus.cu\/es\/wp-json\/wp\/v2\/comments?post=65263"}],"version-history":[{"count":5,"href":"https:\/\/www.radiosanctispiritus.cu\/es\/wp-json\/wp\/v2\/posts\/65263\/revisions"}],"predecessor-version":[{"id":65332,"href":"https:\/\/www.radiosanctispiritus.cu\/es\/wp-json\/wp\/v2\/posts\/65263\/revisions\/65332"}],"wp:featuredmedia":[{"embeddable":true,"href":"https:\/\/www.radiosanctispiritus.cu\/es\/wp-json\/wp\/v2\/media\/31932"}],"wp:attachment":[{"href":"https:\/\/www.radiosanctispiritus.cu\/es\/wp-json\/wp\/v2\/media?parent=65263"}],"wp:term":[{"taxonomy":"category","embeddable":true,"href":"https:\/\/www.radiosanctispiritus.cu\/es\/wp-json\/wp\/v2\/categories?post=65263"},{"taxonomy":"post_tag","embeddable":true,"href":"https:\/\/www.radiosanctispiritus.cu\/es\/wp-json\/wp\/v2\/tags?post=65263"},{"taxonomy":"author","embeddable":true,"href":"https:\/\/www.radiosanctispiritus.cu\/es\/wp-json\/wp\/v2\/coauthors?post=65263"}],"curies":[{"name":"wp","href":"https:\/\/api.w.org\/{rel}","templated":true}]}}