{"id":65255,"date":"2026-03-17T06:48:55","date_gmt":"2026-03-17T10:48:55","guid":{"rendered":"https:\/\/www.radiosanctispiritus.cu\/es\/?p=65255"},"modified":"2026-03-17T07:59:52","modified_gmt":"2026-03-17T11:59:52","slug":"cuerdas-del-alma-representa-a-cuba-en-festival-de-guitarra-en-mexico","status":"publish","type":"post","link":"https:\/\/www.radiosanctispiritus.cu\/es\/cuerdas-del-alma-representa-a-cuba-en-festival-de-guitarra-en-mexico\/","title":{"rendered":"Cuerdas del Alma representa a Cuba en Festival de Guitarra en M\u00e9xico"},"content":{"rendered":"<p>Ya en suelo nacional, los cuatro j\u00f3venes int\u00e9rpretes de guitarra que le dan vida a Cuerdas del Alma mantienen el brillo que envuelve las buenas vibras, sinceras emociones, ovaciones\u2026 Fueron d\u00edas de fiesta y celebraci\u00f3n para el proyecto con ra\u00edces espirituanas, durante el XXII Festival Internacional de Guitarra de Zihuatanejo, M\u00e9xico.<\/p>\n<p>\u201cRepresentamos a Cuba desde el primer acorde \u2014define Luis Javier Garc\u00eda, el hijo de La Sierpe, el siempre recordado profesor de la Escuela de Arte Ernesto Lecuona, hoy estudiante de la especialidad de Guitarra en la Universidad de las Artes, en La Habana\u2014. Y fue, sin dudas, una experiencia maravillosa\u201d.<\/p>\n<p>Conciertos, visitas a instituciones educativas donde protagonizaron talleres y, por supuesto, el di\u00e1logo constante con otros asistentes como con el Tr\u00edo Austral, distinguieron el primer itinerario internacional de la agrupaci\u00f3n.<\/p>\n<p>\u201cCompartimos, especialmente, g\u00e9neros nacidos en nuestra naci\u00f3n como el son y la rumba, llevados al lenguaje, claro, de la m\u00fasica de concierto. Asimismo, defendimos a grandes compositores que dignifican la m\u00fasica de c\u00e1mara para guitarra, como el maestro Leo Brouwer, Flores Chaviano, Jorge Triana y Eduardo Mart\u00edn\u201d.<\/p>\n<p>Junto a \u00e9l, Gleibys Peralta, Abel Pino y Jos\u00e9 \u00c1ngel Garc\u00eda subieron a m\u00e1s de un escenario para compartir no solo talento, sino lo aprendido durante a\u00f1os de estudios, desde la ense\u00f1anza elemental hasta ahora, cuando transitan por la Educaci\u00f3n Superior.<\/p>\n<p><iframe src=\"https:\/\/www.ivoox.com\/player_ej_170190781_6_1.html?c1=7a0d0b\" width=\"100%\" height=\"200\" frameborder=\"0\" scrolling=\"no\" allowfullscreen=\"allowfullscreen\"><\/iframe><\/p>\n","protected":false},"excerpt":{"rendered":"<p>Ya en suelo nacional, los cuatro j\u00f3venes int\u00e9rpretes de guitarra que le dan vida a Cuerdas del Alma mantienen el brillo que envuelve las buenas vibras, sinceras emociones, ovaciones\u2026 Fueron d\u00edas de fiesta y celebraci\u00f3n para el proyecto con ra\u00edces espirituanas, durante el XXII Festival Internacional de Guitarra de Zihuatanejo, M\u00e9xico.<\/p>\n","protected":false},"author":12,"featured_media":65259,"comment_status":"open","ping_status":"open","sticky":false,"template":"","format":"standard","meta":{"_acf_changed":false,"footnotes":""},"categories":[6,9,8,1],"tags":[62,531,1741],"coauthors":[1864],"class_list":["post-65255","post","type-post","status-publish","format-standard","has-post-thumbnail","hentry","category-cultura","category-en-audio","category-noticia","category-sancti-spiritus","tag-cuba-mexico","tag-musica","tag-musica-cubana"],"acf":[],"_links":{"self":[{"href":"https:\/\/www.radiosanctispiritus.cu\/es\/wp-json\/wp\/v2\/posts\/65255","targetHints":{"allow":["GET"]}}],"collection":[{"href":"https:\/\/www.radiosanctispiritus.cu\/es\/wp-json\/wp\/v2\/posts"}],"about":[{"href":"https:\/\/www.radiosanctispiritus.cu\/es\/wp-json\/wp\/v2\/types\/post"}],"author":[{"embeddable":true,"href":"https:\/\/www.radiosanctispiritus.cu\/es\/wp-json\/wp\/v2\/users\/12"}],"replies":[{"embeddable":true,"href":"https:\/\/www.radiosanctispiritus.cu\/es\/wp-json\/wp\/v2\/comments?post=65255"}],"version-history":[{"count":5,"href":"https:\/\/www.radiosanctispiritus.cu\/es\/wp-json\/wp\/v2\/posts\/65255\/revisions"}],"predecessor-version":[{"id":65262,"href":"https:\/\/www.radiosanctispiritus.cu\/es\/wp-json\/wp\/v2\/posts\/65255\/revisions\/65262"}],"wp:featuredmedia":[{"embeddable":true,"href":"https:\/\/www.radiosanctispiritus.cu\/es\/wp-json\/wp\/v2\/media\/65259"}],"wp:attachment":[{"href":"https:\/\/www.radiosanctispiritus.cu\/es\/wp-json\/wp\/v2\/media?parent=65255"}],"wp:term":[{"taxonomy":"category","embeddable":true,"href":"https:\/\/www.radiosanctispiritus.cu\/es\/wp-json\/wp\/v2\/categories?post=65255"},{"taxonomy":"post_tag","embeddable":true,"href":"https:\/\/www.radiosanctispiritus.cu\/es\/wp-json\/wp\/v2\/tags?post=65255"},{"taxonomy":"author","embeddable":true,"href":"https:\/\/www.radiosanctispiritus.cu\/es\/wp-json\/wp\/v2\/coauthors?post=65255"}],"curies":[{"name":"wp","href":"https:\/\/api.w.org\/{rel}","templated":true}]}}