{"id":65246,"date":"2026-03-17T07:30:37","date_gmt":"2026-03-17T11:30:37","guid":{"rendered":"https:\/\/www.radiosanctispiritus.cu\/es\/?p=65246"},"modified":"2026-03-17T21:23:01","modified_gmt":"2026-03-18T01:23:01","slug":"conectado-sancti-spiritus-a-microsistema-electrico-centro-occidental","status":"publish","type":"post","link":"https:\/\/www.radiosanctispiritus.cu\/es\/conectado-sancti-spiritus-a-microsistema-electrico-centro-occidental\/","title":{"rendered":"Conectado Sancti Sp\u00edritus a microsistema el\u00e9ctrico centro occidental"},"content":{"rendered":"<p>Como se conoce, este lunes hubo una nueva desconexi\u00f3n del Sistema El\u00e9ctrico Nacional. \u00bfQu\u00e9 ocurre al respecto actualmente? Para ello, el Noticiario Un Paso M\u00e1s contact\u00f3 a las 6 y 30 de la ma\u00f1ana de este martes al compa\u00f1ero Roberto Hern\u00e1ndez Rojas, Director General de la Empresa El\u00e9ctrica en la provincia espirituana.<\/p>\n<h3><strong>\u00bfC\u00f3mo se encuentra la situaci\u00f3n en este minuto?<\/strong><\/h3>\n<p>Bien, a ver, nos mantenemos todav\u00eda en el proceso de recuperaci\u00f3n del sistema, como todo el mundo conoce, en el d\u00eda de ayer, en horas de la tarde, exactamente a las 1 y 40, ocurre la desconexi\u00f3n total del Sistema Electroel\u00e9ctrico Nacional. A partir de ah\u00ed se activan todos los protocolos que tenemos establecidos para esta fase.<\/p>\n<p>Se realiz\u00f3 un microsistema en el municipio de Sancti Sp\u00edirtus, donde se lograron alimentar los dos hospitales fundamentales, el Hospital Provincial y el Hospital Pedi\u00e1trico. Se realiz\u00f3 un microsistema en el municipio de Trinidad, que bueno, se cerr\u00f3 el circuito 61 con el hospital, hubo que abrirlo, lo pasaron, afectaron nuevamente, pasaron unos minutos, y bueno, ya despu\u00e9s empezamos en el proceso de restablecimiento del sistema. Ah\u00ed, en estos momentos, nos encontramos conectados a un sistema que abarca la zona centro-occidental, un sistema que est\u00e1 desde La Habana hasta la provincia de Las Tunas.<\/p>\n<p>Durante la noche, madrugada, se logr\u00f3 ir conectando m\u00e1s generaci\u00f3n a este sistema. En estos momentos, hay tres plantas termoel\u00e9ctricas que tienen al menos una unidad conectada. En el caso de 10 de octubre, se logr\u00f3 arrancar la unidad n\u00famero 6 de 10 de Octubre.<\/p>\n<p>En C\u00e9spedes, logr\u00f3 sincronizar la unidad n\u00famero 4, que se encontraba en proceso de arranque antes de la ca\u00edda del sistema. Y en La Habana del Este, sincroniz\u00f3 la unidad n\u00famero 3. Son las principales fuentes de generaci\u00f3n que tenemos en estos momentos, las m\u00e1s fuertes sincronizadas en este microsistema. Es un sistema que todav\u00eda est\u00e1 d\u00e9bil, que falta todav\u00eda ir incorporando mucha generaci\u00f3n, y posteriormente ir abarcando m\u00e1s territorio para ver si se le llega a la zona oriental, que no se ha podido hacer ning\u00fan microsistema all\u00e1 en la zona oriental.<\/p>\n<p>En este caso del microsistema, la prioridad lo tiene el restablecimiento del sistema, es decir, no es dar servicio, no es ir sincronizando generaci\u00f3n para dar servicio, sino es ir sincronizando generaci\u00f3n para seguir abarcando m\u00e1s territorio y poder seguir llegando a las otras fuentes de generaci\u00f3n que tenemos y ir sincronizando entonces la mayor cantidad de generaci\u00f3n que podamos.<\/p>\n<h3><strong>\u00bfQu\u00e9 pronostica la Uni\u00f3n El\u00e9ctrica para las pr\u00f3ximas horas, Roberto?<\/strong><\/h3>\n<p>Las pr\u00f3ximas horas tenemos que continuar en el proceso de ir restableciendo el sistema. Este proceso lo define el arranque de las unidades termoel\u00e9ctricas.<\/p>\n<p>Lograr arrancar unidades termoel\u00e9ctricas es un proceso bastante complejo. En estos momentos se tiene en proceso de arranque la unidad n\u00famero 3 de Carlos Manuel de Cepes y la termoel\u00e9ctrica de Guiterra, adicionalmente la unidad n\u00famero 8 de Mariel, es decir, ser\u00edan tres unidades m\u00e1s que se pudieran estar incorporando durante la ma\u00f1ana a este microsistema y les pudiera estar dando m\u00e1s robustez, que es lo que nos hace falta en estos momentos. Continuar entonces abarcando m\u00e1s territorio, ver si podemos llegar a la zona oriental y ver si se puede entonces lograr la sincronizaci\u00f3n de la termoel\u00e9ctrica de Felton, que es fundamental dentro de la generaci\u00f3n del territorio.<\/p>\n<p><iframe src=\"https:\/\/www.ivoox.com\/player_ej_170241021_6_1.html?c1=7a0d0b\" width=\"100%\" height=\"200\" frameborder=\"0\" scrolling=\"no\" allowfullscreen=\"allowfullscreen\"><\/iframe><\/p>\n<h3><strong>Se ha enlazado el sistema desde Pinar del R\u00edo hasta Holgu\u00edn<\/strong><\/h3>\n<p>La Uni\u00f3n El\u00e9ctrica inform\u00f3 al filo de las 8 de la ma\u00f1ana de este martes sobre el restablecimiento del SEN.<\/p>\n<p>Se avanz\u00f3 en el transcurso de la noche: se ha enlazado el sistema desde Pinar del R\u00edo hasta Holgu\u00edn. Se encuentran en proceso de arranque la Unidad 8 de la CTE de Mariel, la CTE Antonio Guiteras y la Unidad 3 de C\u00e9spedes.<\/p>\n<p>Se cuenta con energ\u00eda en la Subestaci\u00f3n de la CTE de Felton para poner en servicio en pr\u00f3ximas horas la unidad.<\/p>\n","protected":false},"excerpt":{"rendered":"<p>Como parte de las acciones recuperativas del Sistema El\u00e9ctrico Nacional, Sancti Sp\u00edritus se encuentra conectado a un microsistema que a las 6 y 30 de la ma\u00f1ana de este martes abarcaba desde La Habana hasta Las Tunas y que tiene como prioridad resolver la desconexi\u00f3n total registrada al mediod\u00eda de este lunes en el pa\u00eds.<\/p>\n","protected":false},"author":4,"featured_media":8278,"comment_status":"open","ping_status":"open","sticky":false,"template":"","format":"standard","meta":{"_acf_changed":false,"footnotes":""},"categories":[16,9,8,1],"tags":[35,139,1399,541],"coauthors":[1883],"class_list":["post-65246","post","type-post","status-publish","format-standard","has-post-thumbnail","hentry","category-economia","category-en-audio","category-noticia","category-sancti-spiritus","tag-apagones","tag-energia-y-minas","tag-sen","tag-sistema-electroenergetico-nacional"],"acf":[],"_links":{"self":[{"href":"https:\/\/www.radiosanctispiritus.cu\/es\/wp-json\/wp\/v2\/posts\/65246","targetHints":{"allow":["GET"]}}],"collection":[{"href":"https:\/\/www.radiosanctispiritus.cu\/es\/wp-json\/wp\/v2\/posts"}],"about":[{"href":"https:\/\/www.radiosanctispiritus.cu\/es\/wp-json\/wp\/v2\/types\/post"}],"author":[{"embeddable":true,"href":"https:\/\/www.radiosanctispiritus.cu\/es\/wp-json\/wp\/v2\/users\/4"}],"replies":[{"embeddable":true,"href":"https:\/\/www.radiosanctispiritus.cu\/es\/wp-json\/wp\/v2\/comments?post=65246"}],"version-history":[{"count":6,"href":"https:\/\/www.radiosanctispiritus.cu\/es\/wp-json\/wp\/v2\/posts\/65246\/revisions"}],"predecessor-version":[{"id":65333,"href":"https:\/\/www.radiosanctispiritus.cu\/es\/wp-json\/wp\/v2\/posts\/65246\/revisions\/65333"}],"wp:featuredmedia":[{"embeddable":true,"href":"https:\/\/www.radiosanctispiritus.cu\/es\/wp-json\/wp\/v2\/media\/8278"}],"wp:attachment":[{"href":"https:\/\/www.radiosanctispiritus.cu\/es\/wp-json\/wp\/v2\/media?parent=65246"}],"wp:term":[{"taxonomy":"category","embeddable":true,"href":"https:\/\/www.radiosanctispiritus.cu\/es\/wp-json\/wp\/v2\/categories?post=65246"},{"taxonomy":"post_tag","embeddable":true,"href":"https:\/\/www.radiosanctispiritus.cu\/es\/wp-json\/wp\/v2\/tags?post=65246"},{"taxonomy":"author","embeddable":true,"href":"https:\/\/www.radiosanctispiritus.cu\/es\/wp-json\/wp\/v2\/coauthors?post=65246"}],"curies":[{"name":"wp","href":"https:\/\/api.w.org\/{rel}","templated":true}]}}