{"id":65240,"date":"2026-03-17T06:44:54","date_gmt":"2026-03-17T10:44:54","guid":{"rendered":"https:\/\/www.radiosanctispiritus.cu\/es\/?p=65240"},"modified":"2026-03-17T06:44:54","modified_gmt":"2026-03-17T10:44:54","slug":"accidente-masivo-en-villa-clara-provoca-18-lesionados","status":"publish","type":"post","link":"https:\/\/www.radiosanctispiritus.cu\/es\/accidente-masivo-en-villa-clara-provoca-18-lesionados\/","title":{"rendered":"Accidente masivo en Villa Clara provoca 18 lesionados"},"content":{"rendered":"<p>Autoridades de salud actualizaron en la noche de este lunes la cifra de lesionados tras el accidente de tr\u00e1nsito ocurrido en el kil\u00f3metro 263 de la Carretera Central, en el municipio de Santo Domingo.<\/p>\n<p>En declaraciones exclusivas a la ACN, la Dra. Leidy Saray Rodr\u00edguez Hern\u00e1ndez, directora general de Salud en la provincia, confirm\u00f3 que el n\u00famero total de lesionados asciende a 18 personas.<\/p>\n<p>De esta cifra, la directiva especific\u00f3 que 16 pacientes fueron remitidos a la atenci\u00f3n secundaria para recibir cuidados especializados.<\/p>\n<p>Rodr\u00edguez Hern\u00e1ndez detall\u00f3 que 12 adultos se encuentran actualmente bajo observaci\u00f3n m\u00e9dica en el Hospital Cl\u00ednico Quir\u00fargico Arnaldo Mili\u00e1n Castro, mientras que cuatro menores de edad permanecen ingresados en el Hospital Pedi\u00e1trico Jos\u00e9 Luis Miranda, ambos en la ciudad de Santa Clara.<\/p>\n<p>La doctora asegur\u00f3 que todos los pacientes presentan diagn\u00f3stico de policontusos, pero puntualiz\u00f3 que se encuentran sin peligro para la vida.<\/p>\n<p>Al cierre de esta informaci\u00f3n se mantienen estables y bajo constante vigilancia por el personal m\u00e9dico de la provincia.<\/p>\n<p>En declaraciones exclusivas a la ACN, el teniente coronel Heriberto P\u00e9rez de Prado, jefe de la Unidad Provincial de Tr\u00e1nsito de la Polic\u00eda Nacional Revolucionaria (PNR) en Villa Clara, inform\u00f3 que el siniestro involucr\u00f3 a un cami\u00f3n que transportaba personal y mercanc\u00edas con destino al municipio de Corralillo.<\/p>\n<p>El oficial explic\u00f3 que el veh\u00edculo realiz\u00f3 una maniobra de adelantamiento, tras la cual invadi\u00f3 la senda opuesta, se sali\u00f3 de la v\u00eda hacia la cuneta y termin\u00f3 volc\u00e1ndose.<\/p>\n<p>Finalmente, el teniente coronel se\u00f1al\u00f3 que las autoridades competentes mantienen las investigaciones en el lugar de los hechos para determinar con exactitud las causas que provocaron el lamentable suceso.<\/p>\n","protected":false},"excerpt":{"rendered":"<p>El siniestro, ocurrido en el kil\u00f3metro 263 de la Carretera Central, en el municipio de Santo Domingo, involucr\u00f3 a un cami\u00f3n que transportaba personal y mercanc\u00edas con destino al municipio de Corralillo.<\/p>\n","protected":false},"author":123,"featured_media":65241,"comment_status":"open","ping_status":"open","sticky":false,"template":"","format":"standard","meta":{"_acf_changed":false,"footnotes":""},"categories":[8,3],"tags":[1712,24,831],"coauthors":[1895],"class_list":["post-65240","post","type-post","status-publish","format-standard","has-post-thumbnail","hentry","category-noticia","category-cuba","tag-accidente-del-transito","tag-salud","tag-villa-clara"],"acf":[],"_links":{"self":[{"href":"https:\/\/www.radiosanctispiritus.cu\/es\/wp-json\/wp\/v2\/posts\/65240","targetHints":{"allow":["GET"]}}],"collection":[{"href":"https:\/\/www.radiosanctispiritus.cu\/es\/wp-json\/wp\/v2\/posts"}],"about":[{"href":"https:\/\/www.radiosanctispiritus.cu\/es\/wp-json\/wp\/v2\/types\/post"}],"author":[{"embeddable":true,"href":"https:\/\/www.radiosanctispiritus.cu\/es\/wp-json\/wp\/v2\/users\/123"}],"replies":[{"embeddable":true,"href":"https:\/\/www.radiosanctispiritus.cu\/es\/wp-json\/wp\/v2\/comments?post=65240"}],"version-history":[{"count":1,"href":"https:\/\/www.radiosanctispiritus.cu\/es\/wp-json\/wp\/v2\/posts\/65240\/revisions"}],"predecessor-version":[{"id":65242,"href":"https:\/\/www.radiosanctispiritus.cu\/es\/wp-json\/wp\/v2\/posts\/65240\/revisions\/65242"}],"wp:featuredmedia":[{"embeddable":true,"href":"https:\/\/www.radiosanctispiritus.cu\/es\/wp-json\/wp\/v2\/media\/65241"}],"wp:attachment":[{"href":"https:\/\/www.radiosanctispiritus.cu\/es\/wp-json\/wp\/v2\/media?parent=65240"}],"wp:term":[{"taxonomy":"category","embeddable":true,"href":"https:\/\/www.radiosanctispiritus.cu\/es\/wp-json\/wp\/v2\/categories?post=65240"},{"taxonomy":"post_tag","embeddable":true,"href":"https:\/\/www.radiosanctispiritus.cu\/es\/wp-json\/wp\/v2\/tags?post=65240"},{"taxonomy":"author","embeddable":true,"href":"https:\/\/www.radiosanctispiritus.cu\/es\/wp-json\/wp\/v2\/coauthors?post=65240"}],"curies":[{"name":"wp","href":"https:\/\/api.w.org\/{rel}","templated":true}]}}