{"id":65223,"date":"2026-03-16T15:33:42","date_gmt":"2026-03-16T19:33:42","guid":{"rendered":"https:\/\/www.radiosanctispiritus.cu\/es\/?p=65223"},"modified":"2026-03-16T15:33:42","modified_gmt":"2026-03-16T19:33:42","slug":"aviso-especial-del-centro-de-pronosticos-lluvias-intensas-afectaran-occidente-y-centro-del-pais-desde-este-martes","status":"publish","type":"post","link":"https:\/\/www.radiosanctispiritus.cu\/es\/aviso-especial-del-centro-de-pronosticos-lluvias-intensas-afectaran-occidente-y-centro-del-pais-desde-este-martes\/","title":{"rendered":"Aviso Especial del Centro de Pron\u00f3sticos: Lluvias intensas afectar\u00e1n occidente y centro del pa\u00eds desde este martes"},"content":{"rendered":"<p>El Centro de Pron\u00f3sticos del Instituto de Meteorolog\u00eda emiti\u00f3 este lunes su primer Aviso Especial debido a la <strong>aproximaci\u00f3n de un frente fr\u00edo que incrementar\u00e1 significativamente las precipitaciones en las regiones occidental y central<\/strong> de Cuba.<\/p>\n<p>Seg\u00fan el informe, <strong>el frente fr\u00edo avanza por el golfo de M\u00e9xico y en la madrugada de este martes 17 de marzo su porci\u00f3n sur estar\u00e1 muy pr\u00f3xima o sobre la costa norte occidental del pa\u00eds.<\/strong> Durante los pr\u00f3ximos d\u00edas, el sistema permanecer\u00e1 debilitado y casi estacionario sobre el estrecho de La Florida y la costa norte del archipi\u00e9lago cubano.<\/p>\n<p>Esta situaci\u00f3n, combinada con una vaguada a unos 10-12 kil\u00f3metros de altura que impondr\u00e1 un <strong>flujo muy h\u00famedo del suroeste, y la presencia de vientos del nordeste en los niveles bajos<\/strong> \u2014que favorecer\u00e1n el arrastre de nublados desde el mar hacia tierra\u2014, <strong>provocar\u00e1 un aumento de la humedad y la inestabilidad atmosf\u00e9rica.<\/strong><\/p>\n<p>Como resultado, se incrementar\u00e1n los nublados con numerosos chubascos, lluvias y tormentas el\u00e9ctricas en occidente y centro desde el martes 17 hasta el jueves 19 de marzo. Las lluvias podr\u00e1n ser fuertes e intensas en algunas localidades, especialmente hacia zonas de la costa norte.<\/p>\n<p>El Centro de Pron\u00f3sticos advierte que en las \u00e1reas donde ocurran chubascos y tormentas el\u00e9ctricas se incrementar\u00e1 la fuerza de los vientos y la altura de las olas, por lo que recomienda mantener vigilancia sobre las informaciones del Instituto de Meteorolog\u00eda.<\/p>\n<p>El pr\u00f3ximo aviso especial ser\u00e1 emitido de ser necesario, en dependencia de la evoluci\u00f3n de las condiciones meteorol\u00f3gicas.<\/p>\n<p><strong>(Con informaci\u00f3n de INSMET)<\/strong><\/p>\n","protected":false},"excerpt":{"rendered":"<p>El Centro de Pron\u00f3sticos del Instituto de Meteorolog\u00eda emiti\u00f3 este lunes su primer Aviso Especial debido a la aproximaci\u00f3n de un frente fr\u00edo que incrementar\u00e1 significativamente las precipitaciones en las regiones occidental y central de Cuba.<\/p>\n","protected":false},"author":26,"featured_media":65224,"comment_status":"open","ping_status":"open","sticky":false,"template":"","format":"standard","meta":{"_acf_changed":false,"footnotes":""},"categories":[8,3],"tags":[],"coauthors":[1887],"class_list":["post-65223","post","type-post","status-publish","format-standard","has-post-thumbnail","hentry","category-noticia","category-cuba"],"acf":[],"_links":{"self":[{"href":"https:\/\/www.radiosanctispiritus.cu\/es\/wp-json\/wp\/v2\/posts\/65223","targetHints":{"allow":["GET"]}}],"collection":[{"href":"https:\/\/www.radiosanctispiritus.cu\/es\/wp-json\/wp\/v2\/posts"}],"about":[{"href":"https:\/\/www.radiosanctispiritus.cu\/es\/wp-json\/wp\/v2\/types\/post"}],"author":[{"embeddable":true,"href":"https:\/\/www.radiosanctispiritus.cu\/es\/wp-json\/wp\/v2\/users\/26"}],"replies":[{"embeddable":true,"href":"https:\/\/www.radiosanctispiritus.cu\/es\/wp-json\/wp\/v2\/comments?post=65223"}],"version-history":[{"count":1,"href":"https:\/\/www.radiosanctispiritus.cu\/es\/wp-json\/wp\/v2\/posts\/65223\/revisions"}],"predecessor-version":[{"id":65225,"href":"https:\/\/www.radiosanctispiritus.cu\/es\/wp-json\/wp\/v2\/posts\/65223\/revisions\/65225"}],"wp:featuredmedia":[{"embeddable":true,"href":"https:\/\/www.radiosanctispiritus.cu\/es\/wp-json\/wp\/v2\/media\/65224"}],"wp:attachment":[{"href":"https:\/\/www.radiosanctispiritus.cu\/es\/wp-json\/wp\/v2\/media?parent=65223"}],"wp:term":[{"taxonomy":"category","embeddable":true,"href":"https:\/\/www.radiosanctispiritus.cu\/es\/wp-json\/wp\/v2\/categories?post=65223"},{"taxonomy":"post_tag","embeddable":true,"href":"https:\/\/www.radiosanctispiritus.cu\/es\/wp-json\/wp\/v2\/tags?post=65223"},{"taxonomy":"author","embeddable":true,"href":"https:\/\/www.radiosanctispiritus.cu\/es\/wp-json\/wp\/v2\/coauthors?post=65223"}],"curies":[{"name":"wp","href":"https:\/\/api.w.org\/{rel}","templated":true}]}}