{"id":65198,"date":"2026-03-16T14:34:50","date_gmt":"2026-03-16T18:34:50","guid":{"rendered":"https:\/\/www.radiosanctispiritus.cu\/es\/?p=65198"},"modified":"2026-03-17T07:47:53","modified_gmt":"2026-03-17T11:47:53","slug":"caida-total-del-sistema-electroenergetico-nacional-informa-la-une","status":"publish","type":"post","link":"https:\/\/www.radiosanctispiritus.cu\/es\/caida-total-del-sistema-electroenergetico-nacional-informa-la-une\/","title":{"rendered":"Informa Uni\u00f3n El\u00e9ctrica de ca\u00edda total del Sistema Electroenerg\u00e9tico Nacional"},"content":{"rendered":"<p class=\"ds-markdown-paragraph\">A la 1:40 de la tarde de este lunes 16 de marzo de 2026, se produjo una nueva desconexi\u00f3n total del <strong>Sistema Electroenerg\u00e9tico Nacional<\/strong> (SEN). La Uni\u00f3n El\u00e9ctrica inform\u00f3 a trav\u00e9s de su <strong><a href=\"https:\/\/whatsapp.com\/channel\/0029Vb5o6MJLo4hi7VeP5r0P\" target=\"_blank\" rel=\"noopener noreferrer nofollow\">canal oficial de WhatsApp<\/a><\/strong> que ya han comenzado a implementarse los protocolos establecidos para el restablecimiento gradual del sistema.<\/p>\n<p class=\"ds-markdown-paragraph\">Seg\u00fan el parte oficial, no se reportan aver\u00edas en ninguna de las unidades t\u00e9rmicas que se encontraban en funcionamiento en el momento de la desconexi\u00f3n. Este dato resulta relevante, pues descarta fallos t\u00e9cnicos en las principales centrales generadoras como causa inmediata del colapso.<\/p>\n<p class=\"ds-markdown-paragraph\">Como parte de las primeras acciones de recuperaci\u00f3n, ya comienzan a funcionar microsistemas aislados en varios territorios del pa\u00eds. En particular, la empresa inform\u00f3 que Energ\u00e1s ya tiene en servicio una unidad generadora, lo que contribuye a la estabilizaci\u00f3n inicial.<\/p>\n<p class=\"ds-markdown-paragraph\">La prioridad de los especialistas es completar el proceso de \u00abarrancada en fr\u00edo\u00bb para sincronizar gradualmente al resto de las unidades. Se espera que en las pr\u00f3ximas horas la Uni\u00f3n El\u00e9ctrica ofrezca nuevos detalles sobre la evoluci\u00f3n de la contingencia y los plazos estimados para la recuperaci\u00f3n total del servicio.<\/p>\n","protected":false},"excerpt":{"rendered":"<p>A la 1:40 de la tarde de este lunes 16 de marzo de 2026, se produjo una nueva desconexi\u00f3n total del Sistema Electroenerg\u00e9tico Nacional<\/p>\n","protected":false},"author":4,"featured_media":63021,"comment_status":"open","ping_status":"open","sticky":false,"template":"","format":"standard","meta":{"_acf_changed":false,"footnotes":""},"categories":[8,3],"tags":[392,541,34],"coauthors":[1883],"class_list":["post-65198","post","type-post","status-publish","format-standard","has-post-thumbnail","hentry","category-noticia","category-cuba","tag-electricidad","tag-sistema-electroenergetico-nacional","tag-union-electrica"],"acf":[],"_links":{"self":[{"href":"https:\/\/www.radiosanctispiritus.cu\/es\/wp-json\/wp\/v2\/posts\/65198","targetHints":{"allow":["GET"]}}],"collection":[{"href":"https:\/\/www.radiosanctispiritus.cu\/es\/wp-json\/wp\/v2\/posts"}],"about":[{"href":"https:\/\/www.radiosanctispiritus.cu\/es\/wp-json\/wp\/v2\/types\/post"}],"author":[{"embeddable":true,"href":"https:\/\/www.radiosanctispiritus.cu\/es\/wp-json\/wp\/v2\/users\/4"}],"replies":[{"embeddable":true,"href":"https:\/\/www.radiosanctispiritus.cu\/es\/wp-json\/wp\/v2\/comments?post=65198"}],"version-history":[{"count":5,"href":"https:\/\/www.radiosanctispiritus.cu\/es\/wp-json\/wp\/v2\/posts\/65198\/revisions"}],"predecessor-version":[{"id":65254,"href":"https:\/\/www.radiosanctispiritus.cu\/es\/wp-json\/wp\/v2\/posts\/65198\/revisions\/65254"}],"wp:featuredmedia":[{"embeddable":true,"href":"https:\/\/www.radiosanctispiritus.cu\/es\/wp-json\/wp\/v2\/media\/63021"}],"wp:attachment":[{"href":"https:\/\/www.radiosanctispiritus.cu\/es\/wp-json\/wp\/v2\/media?parent=65198"}],"wp:term":[{"taxonomy":"category","embeddable":true,"href":"https:\/\/www.radiosanctispiritus.cu\/es\/wp-json\/wp\/v2\/categories?post=65198"},{"taxonomy":"post_tag","embeddable":true,"href":"https:\/\/www.radiosanctispiritus.cu\/es\/wp-json\/wp\/v2\/tags?post=65198"},{"taxonomy":"author","embeddable":true,"href":"https:\/\/www.radiosanctispiritus.cu\/es\/wp-json\/wp\/v2\/coauthors?post=65198"}],"curies":[{"name":"wp","href":"https:\/\/api.w.org\/{rel}","templated":true}]}}