{"id":65186,"date":"2026-03-16T20:42:32","date_gmt":"2026-03-17T00:42:32","guid":{"rendered":"https:\/\/www.radiosanctispiritus.cu\/es\/?p=65186"},"modified":"2026-03-17T06:18:13","modified_gmt":"2026-03-17T10:18:13","slug":"cambio-de-matriz-energetica-favorece-abasto-de-agua-en-cabaiguan","status":"publish","type":"post","link":"https:\/\/www.radiosanctispiritus.cu\/es\/cambio-de-matriz-energetica-favorece-abasto-de-agua-en-cabaiguan\/","title":{"rendered":"Cambio de matriz energ\u00e9tica favorece abasto de agua en Cabaigu\u00e1n"},"content":{"rendered":"<p>El cambio de la matriz energ\u00e9tica favorece el abasto de agua en el municipio de Cabaiguan en medio de la actual contingencia energ\u00e9tica.<\/p>\n<p>As\u00ed lo declar\u00f3 a la prensa Alexey Hidalgo Leiva, Director de la unidad empresarial de base, acueducto y alcantarillado en este territorio.<\/p>\n<p><iframe src=\"https:\/\/www.ivoox.com\/player_ej_170118976_6_1.html?c1=7a0d0b\" width=\"100%\" height=\"200\" frameborder=\"0\" scrolling=\"no\" allowfullscreen=\"allowfullscreen\"><\/iframe><\/p>\n","protected":false},"excerpt":{"rendered":"<p>El cambio de la matriz energ\u00e9tica favorece el abasto de agua en el municipio de Cabaiguan en medio de la actual contingencia energ\u00e9tica. As\u00ed lo declar\u00f3 a la prensa Alexey Hidalgo Leiva, Director de la unidad empresarial de base, acueducto y alcantarillado en este territorio.<\/p>\n","protected":false},"author":137,"featured_media":65191,"comment_status":"open","ping_status":"open","sticky":false,"template":"","format":"standard","meta":{"_acf_changed":false,"footnotes":""},"categories":[9],"tags":[],"coauthors":[1872],"class_list":["post-65186","post","type-post","status-publish","format-standard","has-post-thumbnail","hentry","category-en-audio"],"acf":[],"_links":{"self":[{"href":"https:\/\/www.radiosanctispiritus.cu\/es\/wp-json\/wp\/v2\/posts\/65186","targetHints":{"allow":["GET"]}}],"collection":[{"href":"https:\/\/www.radiosanctispiritus.cu\/es\/wp-json\/wp\/v2\/posts"}],"about":[{"href":"https:\/\/www.radiosanctispiritus.cu\/es\/wp-json\/wp\/v2\/types\/post"}],"author":[{"embeddable":true,"href":"https:\/\/www.radiosanctispiritus.cu\/es\/wp-json\/wp\/v2\/users\/137"}],"replies":[{"embeddable":true,"href":"https:\/\/www.radiosanctispiritus.cu\/es\/wp-json\/wp\/v2\/comments?post=65186"}],"version-history":[{"count":1,"href":"https:\/\/www.radiosanctispiritus.cu\/es\/wp-json\/wp\/v2\/posts\/65186\/revisions"}],"predecessor-version":[{"id":65192,"href":"https:\/\/www.radiosanctispiritus.cu\/es\/wp-json\/wp\/v2\/posts\/65186\/revisions\/65192"}],"wp:featuredmedia":[{"embeddable":true,"href":"https:\/\/www.radiosanctispiritus.cu\/es\/wp-json\/wp\/v2\/media\/65191"}],"wp:attachment":[{"href":"https:\/\/www.radiosanctispiritus.cu\/es\/wp-json\/wp\/v2\/media?parent=65186"}],"wp:term":[{"taxonomy":"category","embeddable":true,"href":"https:\/\/www.radiosanctispiritus.cu\/es\/wp-json\/wp\/v2\/categories?post=65186"},{"taxonomy":"post_tag","embeddable":true,"href":"https:\/\/www.radiosanctispiritus.cu\/es\/wp-json\/wp\/v2\/tags?post=65186"},{"taxonomy":"author","embeddable":true,"href":"https:\/\/www.radiosanctispiritus.cu\/es\/wp-json\/wp\/v2\/coauthors?post=65186"}],"curies":[{"name":"wp","href":"https:\/\/api.w.org\/{rel}","templated":true}]}}