{"id":65176,"date":"2026-03-16T08:39:25","date_gmt":"2026-03-16T12:39:25","guid":{"rendered":"https:\/\/www.radiosanctispiritus.cu\/es\/?p=65176"},"modified":"2026-03-16T08:40:43","modified_gmt":"2026-03-16T12:40:43","slug":"uneac-sancti-spiritus-celebra-su-aniversario-65-con-un-amplio-programa-cultural","status":"publish","type":"post","link":"https:\/\/www.radiosanctispiritus.cu\/es\/uneac-sancti-spiritus-celebra-su-aniversario-65-con-un-amplio-programa-cultural\/","title":{"rendered":"UNEAC Sancti Sp\u00edritus celebra su aniversario 65 con un amplio programa cultural"},"content":{"rendered":"<p>La Sede Provincial de la Uni\u00f3n de Escritores y Artistas de Cuba (UNEAC) en Sancti Sp\u00edritus ha preparado un variado programa de actividades en saludo al aniversario 65 de la organizaci\u00f3n, al centenario de Fidel Castro Ruz, y al D\u00eda del Trovador, que se conmemora cada 19 de marzo.<\/p>\n<p>El calendario de la instituci\u00f3n cultural incluir\u00e1 esta semana espacios de reflexi\u00f3n, encuentros art\u00edsticos y homenajes que reafirman el compromiso de la UNEAC con la promoci\u00f3n de la cultura cubana y el di\u00e1logo creativo.<\/p>\n<p>El martes 17 de marzo, a las 11:00 a.m., regresa La Cocuyera con la periodista Lisandra G\u00f3mez Guerra, un espacio de di\u00e1logo sociocultural sobre la mujer cubana desde la mirada de intelectuales y artistas.<\/p>\n<p><img decoding=\"async\" class=\"size-medium wp-image-65177 aligncenter\" src=\"https:\/\/www.radiosanctispiritus.cu\/es\/wp-content\/uploads\/WhatsApp-Image-2026-03-16-at-8.32.13-AM-489x800.jpeg\" alt=\"\" width=\"489\" height=\"800\" srcset=\"https:\/\/www.radiosanctispiritus.cu\/es\/wp-content\/uploads\/WhatsApp-Image-2026-03-16-at-8.32.13-AM-489x800.jpeg 489w, https:\/\/www.radiosanctispiritus.cu\/es\/wp-content\/uploads\/WhatsApp-Image-2026-03-16-at-8.32.13-AM.jpeg 537w\" sizes=\"(max-width: 489px) 100vw, 489px\" \/><\/p>\n<p>El jueves a las 10:30 a.m., tendr\u00e1 lugar el Homenaje a Pepe S\u00e1nchez, con una conferencia impartida por el m\u00fasico e investigador Sixto Edelmiro Bonachea, y se presentar\u00e1n las agrupaciones Coro Vocal Imago y el Septeto Espirituano, en un tributo musical que enaltece la tradici\u00f3n trovadoresca.<\/p>\n<p>El viernes a las 11:00 a.m., el Caf\u00e9 de los Artistas abrir\u00e1 sus puertas en el Patio de la Poes\u00eda de la UNEAC, bajo la conducci\u00f3n de Yolanda Felicita y con la presentaci\u00f3n habitual de la Orquesta de Cuerdas Roberto Jim\u00e9nez, un espacio que se ha consolidado como punto de encuentro para la m\u00fasica y la creaci\u00f3n.<\/p>\n<p><img decoding=\"async\" class=\"size-medium wp-image-65178 aligncenter\" src=\"https:\/\/www.radiosanctispiritus.cu\/es\/wp-content\/uploads\/WhatsApp-Image-2026-03-16-at-8.32.03-AM-600x750.jpeg\" alt=\"\" width=\"600\" height=\"750\" srcset=\"https:\/\/www.radiosanctispiritus.cu\/es\/wp-content\/uploads\/WhatsApp-Image-2026-03-16-at-8.32.03-AM-600x750.jpeg 600w, https:\/\/www.radiosanctispiritus.cu\/es\/wp-content\/uploads\/WhatsApp-Image-2026-03-16-at-8.32.03-AM.jpeg 720w\" sizes=\"(max-width: 600px) 100vw, 600px\" \/><\/p>\n<p>Asimismo, el s\u00e1bado 21 de marzo, a las 10:00 a.m., se desarrollar\u00e1 El Decenios, un encuentro entre escritores locales en saludo al D\u00eda Mundial de la Poes\u00eda, reafirmando la vocaci\u00f3n literaria de la sede espirituana.<\/p>\n<p>Este programa cultural reafirma el papel de la UNEAC en Sancti Sp\u00edritus como espacio de encuentro, creaci\u00f3n y di\u00e1logo, convocando a la comunidad art\u00edstica y al p\u00fablico en general a participar en jornadas que celebran la identidad y la memoria cultural de la naci\u00f3n.<\/p>\n","protected":false},"excerpt":{"rendered":"<p>La Sede Provincial de la Uni\u00f3n de Escritores y Artistas de Cuba (UNEAC) en Sancti Sp\u00edritus ha preparado un variado programa de actividades en saludo al aniversario 65 de la organizaci\u00f3n, al centenario de Fidel Castro Ruz, y al D\u00eda del Trovador, que se conmemora cada 19 de marzo.<\/p>\n","protected":false},"author":166,"featured_media":55901,"comment_status":"open","ping_status":"open","sticky":false,"template":"","format":"standard","meta":{"_acf_changed":false,"footnotes":""},"categories":[8,6,1],"tags":[360,1780,425],"coauthors":[1901],"class_list":["post-65176","post","type-post","status-publish","format-standard","has-post-thumbnail","hentry","category-noticia","category-cultura","category-sancti-spiritus","tag-cultura-espirituana","tag-sancti-spiritus","tag-uneac"],"acf":[],"_links":{"self":[{"href":"https:\/\/www.radiosanctispiritus.cu\/es\/wp-json\/wp\/v2\/posts\/65176","targetHints":{"allow":["GET"]}}],"collection":[{"href":"https:\/\/www.radiosanctispiritus.cu\/es\/wp-json\/wp\/v2\/posts"}],"about":[{"href":"https:\/\/www.radiosanctispiritus.cu\/es\/wp-json\/wp\/v2\/types\/post"}],"author":[{"embeddable":true,"href":"https:\/\/www.radiosanctispiritus.cu\/es\/wp-json\/wp\/v2\/users\/166"}],"replies":[{"embeddable":true,"href":"https:\/\/www.radiosanctispiritus.cu\/es\/wp-json\/wp\/v2\/comments?post=65176"}],"version-history":[{"count":2,"href":"https:\/\/www.radiosanctispiritus.cu\/es\/wp-json\/wp\/v2\/posts\/65176\/revisions"}],"predecessor-version":[{"id":65180,"href":"https:\/\/www.radiosanctispiritus.cu\/es\/wp-json\/wp\/v2\/posts\/65176\/revisions\/65180"}],"wp:featuredmedia":[{"embeddable":true,"href":"https:\/\/www.radiosanctispiritus.cu\/es\/wp-json\/wp\/v2\/media\/55901"}],"wp:attachment":[{"href":"https:\/\/www.radiosanctispiritus.cu\/es\/wp-json\/wp\/v2\/media?parent=65176"}],"wp:term":[{"taxonomy":"category","embeddable":true,"href":"https:\/\/www.radiosanctispiritus.cu\/es\/wp-json\/wp\/v2\/categories?post=65176"},{"taxonomy":"post_tag","embeddable":true,"href":"https:\/\/www.radiosanctispiritus.cu\/es\/wp-json\/wp\/v2\/tags?post=65176"},{"taxonomy":"author","embeddable":true,"href":"https:\/\/www.radiosanctispiritus.cu\/es\/wp-json\/wp\/v2\/coauthors?post=65176"}],"curies":[{"name":"wp","href":"https:\/\/api.w.org\/{rel}","templated":true}]}}