{"id":65160,"date":"2026-03-15T14:26:59","date_gmt":"2026-03-15T18:26:59","guid":{"rendered":"https:\/\/www.radiosanctispiritus.cu\/es\/?p=65160"},"modified":"2026-03-15T14:30:12","modified_gmt":"2026-03-15T18:30:12","slug":"cuba-agradece-solidaridad-y-acompanamiento-de-mexico","status":"publish","type":"post","link":"https:\/\/www.radiosanctispiritus.cu\/es\/cuba-agradece-solidaridad-y-acompanamiento-de-mexico\/","title":{"rendered":"Cuba agradece solidaridad y acompa\u00f1amiento de M\u00e9xico"},"content":{"rendered":"<p>El presidente de Cuba, Miguel D\u00edaz-Canel, agradeci\u00f3 este domingo la solidaridad y acompa\u00f1amiento mexicano a la heroica resistencia del pueblo cubano.<\/p>\n<p>En su post en la red social X se refiri\u00f3 el mandatario al apoyo permanente y decisivo del anterior presidente de la naci\u00f3n latinoamericana, Andr\u00e9s Manuel L\u00f3pez Obrador, el cual fortalece una entra\u00f1able amistad.<\/p>\n<p>\u00abEstoy en el retiro pero me hiere que busquen exterminar, por sus ideales de libertad y defensa de la soberan\u00eda, al hermano pueblo de Cuba\u00bb, expres\u00f3 Obrador en un post de X.<\/p>\n<p>\u00abA quienes piensan que se trata de un pleito ajeno, les recuerdo lo que dijo el general C\u00e1rdenas cuando la invasi\u00f3n de Playa Gir\u00f3n:\u300aNo es l\u00edcito preconizar nuestra indiferencia ante su heroica lucha, porque su suerte es la nuestra\u300b\u00bb, agreg\u00f3.<\/p>\n<p>Asimismo invit\u00f3 a toda la poblaci\u00f3n a realizar donaciones a una cuenta de la asociaci\u00f3n civil Humanidad con Am\u00e9rica Latina, abierta por escritores y periodistas para comprar insumos que ayuden al pueblo cubano.<\/p>\n<p>\u00ab\u00a1Que cada quien aporte lo que pueda!\u00bb, concluy\u00f3.<\/p>\n<p><strong>Mexicanos responden a llamado de L\u00f3pez Obrador\u00a0<\/strong><\/p>\n<p>Luego del llamado del expresidente de M\u00e9xico Andr\u00e9s Manuel L\u00f3pez Obrador a apoyar a Cuba, se multiplican en redes sociales las constancias de transferencias a una cuenta abierta para comprar productos con destino a la isla.<\/p>\n<p>\u201cCon lo que se pueda mi querido Presidente, acudo a tu llamado, \u00a1aqu\u00ed mi primer dep\u00f3sito!\u201d, expres\u00f3 en X la usuaria Yayinel, quien comparti\u00f3 adem\u00e1s una captura de la operaci\u00f3n dirigida a la cuenta de la asociaci\u00f3n civil Humanidad con Am\u00e9rica Latina.<\/p>\n<p>Tambi\u00e9n el usuario Faro 4T-Guillermo \u00c1lvarez Prado dej\u00f3 evidencias de su primer aporte \u201cpara defender la soberan\u00eda de M\u00e9xico y para agradecer a Cuba por tanto\u201d, una actitud asumida por muchas otras personas de manera instant\u00e1nea tras la convocatoria del exmandatario.<\/p>\n<p>El diario <em>La Jornada<\/em> llam\u00f3 el martes a respaldar a Cuba y divulg\u00f3 la mencionada cuenta bancaria dirigida a acopiar la aportaci\u00f3n econ\u00f3mica de quienes deseen cooperar para adquirir productos que se enviar\u00e1n a ese pa\u00eds, en medio del recrudecimiento del bloqueo impuesto por Estados Unidos.<\/p>\n<p>\u201cHacemos un firme llamado a la solidaridad con el pueblo cubano y a poner fin al unilateralismo soberbio y agresivo\u201d, apuntaron a trav\u00e9s de la convocatoria los m\u00e1s de 200 firmantes, entre ellos, la escritora Elena Poniatowska, el intelectual espa\u00f1ol Ignacio Ramonet y directivos del medio.<\/p>\n<p>En el escrito titulado \u201cEl destino de Cuba no nos es ajeno\u201d, instaron igualmente a apoyar \u201ctodas las acciones gubernamentales o ciudadanas que se emprendan con el fin de proteger el bienestar, la integridad y la dignidad humanas\u201d en el pa\u00eds antillano.<\/p>\n","protected":false},"excerpt":{"rendered":"<p>El presidente de Cuba, Miguel D\u00edaz-Canel, agradeci\u00f3 este domingo la solidaridad y acompa\u00f1amiento mexicano a la heroica resistencia del pueblo cubano.<\/p>\n","protected":false},"author":22,"featured_media":65161,"comment_status":"open","ping_status":"open","sticky":false,"template":"","format":"standard","meta":{"_acf_changed":false,"footnotes":""},"categories":[8,3,4],"tags":[420,62,28],"coauthors":[1882],"class_list":["post-65160","post","type-post","status-publish","format-standard","has-post-thumbnail","hentry","category-noticia","category-cuba","category-internacionales","tag-cuba-bloqueo","tag-cuba-mexico","tag-miguel-diaz-canel"],"acf":[],"_links":{"self":[{"href":"https:\/\/www.radiosanctispiritus.cu\/es\/wp-json\/wp\/v2\/posts\/65160","targetHints":{"allow":["GET"]}}],"collection":[{"href":"https:\/\/www.radiosanctispiritus.cu\/es\/wp-json\/wp\/v2\/posts"}],"about":[{"href":"https:\/\/www.radiosanctispiritus.cu\/es\/wp-json\/wp\/v2\/types\/post"}],"author":[{"embeddable":true,"href":"https:\/\/www.radiosanctispiritus.cu\/es\/wp-json\/wp\/v2\/users\/22"}],"replies":[{"embeddable":true,"href":"https:\/\/www.radiosanctispiritus.cu\/es\/wp-json\/wp\/v2\/comments?post=65160"}],"version-history":[{"count":3,"href":"https:\/\/www.radiosanctispiritus.cu\/es\/wp-json\/wp\/v2\/posts\/65160\/revisions"}],"predecessor-version":[{"id":65164,"href":"https:\/\/www.radiosanctispiritus.cu\/es\/wp-json\/wp\/v2\/posts\/65160\/revisions\/65164"}],"wp:featuredmedia":[{"embeddable":true,"href":"https:\/\/www.radiosanctispiritus.cu\/es\/wp-json\/wp\/v2\/media\/65161"}],"wp:attachment":[{"href":"https:\/\/www.radiosanctispiritus.cu\/es\/wp-json\/wp\/v2\/media?parent=65160"}],"wp:term":[{"taxonomy":"category","embeddable":true,"href":"https:\/\/www.radiosanctispiritus.cu\/es\/wp-json\/wp\/v2\/categories?post=65160"},{"taxonomy":"post_tag","embeddable":true,"href":"https:\/\/www.radiosanctispiritus.cu\/es\/wp-json\/wp\/v2\/tags?post=65160"},{"taxonomy":"author","embeddable":true,"href":"https:\/\/www.radiosanctispiritus.cu\/es\/wp-json\/wp\/v2\/coauthors?post=65160"}],"curies":[{"name":"wp","href":"https:\/\/api.w.org\/{rel}","templated":true}]}}