{"id":65144,"date":"2026-03-15T05:05:30","date_gmt":"2026-03-15T09:05:30","guid":{"rendered":"https:\/\/www.radiosanctispiritus.cu\/es\/?p=65144"},"modified":"2026-03-15T01:15:13","modified_gmt":"2026-03-15T05:15:13","slug":"protesta-de-baragua-entre-los-hechos-mas-gloriosos-de-la-historia-de-cuba","status":"publish","type":"post","link":"https:\/\/www.radiosanctispiritus.cu\/es\/protesta-de-baragua-entre-los-hechos-mas-gloriosos-de-la-historia-de-cuba\/","title":{"rendered":"Protesta de Baragu\u00e1, entre los hechos m\u00e1s gloriosos de la historia de Cuba"},"content":{"rendered":"<p>La protesta de Baragu\u00e1, lo m\u00e1s glorioso de la historia de Cuba. As\u00ed lo suscribi\u00f3 el Ap\u00f3stol de la independencia Jos\u00e9 Mart\u00ed en justo reconocimiento al acto patri\u00f3tico que salv\u00f3 moralmente a la revoluci\u00f3n iniciada en 1868.<\/p>\n<p>Era el 15 de marzo de 1878. Bajo aquella arboleda de mangos se vieron frente a frente el general Arsenio Mart\u00ednez Campos y Antonio Maceo y Grajales, uno de nuestros m\u00e1s l\u00facidos generales. De un lado Espa\u00f1a y su af\u00e1n colonialista, del otro Cuba y su dignidad. De una parte el general espa\u00f1ol con su verbo ampuloso y su documento pacificador. De la otra, el general Maceo, con su palabra ind\u00f3mita y su intransigencia.<\/p>\n<p>Tras escuchar a Mart\u00ednez Campos, el tit\u00e1n de bronce es cortante. No estaban de acuerdo con el pacto del Zanj\u00f3n que ya hab\u00eda sido firmado, pues con este no se lograba la independencia de Cuba ni la abolici\u00f3n de la esclavitud.<\/p>\n<p>Posteriormente, alzan sus voces el general Manuel Calvar y el doctor F\u00e9lix Figueredo quienes reforzaron los planteamientos hechos por Maceo. Seguidamente Mart\u00ednez Campos replic\u00f3: \u00abpero es que ustedes no conocen las bases del convenio del Zanj\u00f3n\u00bb. \u00abS\u00ed, interrumpi\u00f3 Maceo, y porque las conocemos es que no estamos de acuerdo\u00bb.<\/p>\n<p>Mart\u00ednez Campos trat\u00f3 de leer el documento, pero Maceo no se lo permiti\u00f3 al plantearle: \u00abGuarde usted ese documento, que no queremos saber de \u00e9l\u00bb. Como resultado de la conferencia, se acord\u00f3 que volver\u00edan a romperse las hostilidades y se estableci\u00f3 para ello un plazo de ocho d\u00edas con el fin de que las tropas ocuparan los territorios designados.\u00a0El capit\u00e1n Fulgencio Duarte, que hab\u00eda presenciado la entrevista, exclam\u00f3: \u00abMuchachos, el 23 se rompe el corojo\u00bb.<\/p>\n<p>En fin, Mart\u00ednez Campos tuvo que guardar su documento y su fama negociadora se desplom\u00f3 ante la humilde chamarreta de aquel mulato cubano, ante la hidalgu\u00eda de Antonio Maceo, el m\u00e1s corajudo de nuestros generales.<\/p>\n<p>El 15 de marzo de 1878, en la protesta de Baragu\u00e1, el Tit\u00e1n de Bronce no baj\u00f3 la espada de la dignidad de Cuba.<\/p>\n","protected":false},"excerpt":{"rendered":"<p>La protesta de Baragu\u00e1, lo m\u00e1s glorioso de la historia de Cuba. As\u00ed lo suscribi\u00f3 el Ap\u00f3stol de la independencia Jos\u00e9 Mart\u00ed en justo reconocimiento al acto patri\u00f3tico que salv\u00f3 moralmente a la revoluci\u00f3n iniciada en 1868.<\/p>\n","protected":false},"author":10,"featured_media":65112,"comment_status":"open","ping_status":"open","sticky":false,"template":"","format":"standard","meta":{"_acf_changed":false,"footnotes":""},"categories":[8,3,9],"tags":[855,510],"coauthors":[1896],"class_list":["post-65144","post","type-post","status-publish","format-standard","has-post-thumbnail","hentry","category-noticia","category-cuba","category-en-audio","tag-antonio-maceo","tag-historia"],"acf":[],"_links":{"self":[{"href":"https:\/\/www.radiosanctispiritus.cu\/es\/wp-json\/wp\/v2\/posts\/65144","targetHints":{"allow":["GET"]}}],"collection":[{"href":"https:\/\/www.radiosanctispiritus.cu\/es\/wp-json\/wp\/v2\/posts"}],"about":[{"href":"https:\/\/www.radiosanctispiritus.cu\/es\/wp-json\/wp\/v2\/types\/post"}],"author":[{"embeddable":true,"href":"https:\/\/www.radiosanctispiritus.cu\/es\/wp-json\/wp\/v2\/users\/10"}],"replies":[{"embeddable":true,"href":"https:\/\/www.radiosanctispiritus.cu\/es\/wp-json\/wp\/v2\/comments?post=65144"}],"version-history":[{"count":2,"href":"https:\/\/www.radiosanctispiritus.cu\/es\/wp-json\/wp\/v2\/posts\/65144\/revisions"}],"predecessor-version":[{"id":65146,"href":"https:\/\/www.radiosanctispiritus.cu\/es\/wp-json\/wp\/v2\/posts\/65144\/revisions\/65146"}],"wp:featuredmedia":[{"embeddable":true,"href":"https:\/\/www.radiosanctispiritus.cu\/es\/wp-json\/wp\/v2\/media\/65112"}],"wp:attachment":[{"href":"https:\/\/www.radiosanctispiritus.cu\/es\/wp-json\/wp\/v2\/media?parent=65144"}],"wp:term":[{"taxonomy":"category","embeddable":true,"href":"https:\/\/www.radiosanctispiritus.cu\/es\/wp-json\/wp\/v2\/categories?post=65144"},{"taxonomy":"post_tag","embeddable":true,"href":"https:\/\/www.radiosanctispiritus.cu\/es\/wp-json\/wp\/v2\/tags?post=65144"},{"taxonomy":"author","embeddable":true,"href":"https:\/\/www.radiosanctispiritus.cu\/es\/wp-json\/wp\/v2\/coauthors?post=65144"}],"curies":[{"name":"wp","href":"https:\/\/api.w.org\/{rel}","templated":true}]}}