{"id":65137,"date":"2026-03-14T22:45:08","date_gmt":"2026-03-15T02:45:08","guid":{"rendered":"https:\/\/www.radiosanctispiritus.cu\/es\/?p=65137"},"modified":"2026-03-14T22:45:08","modified_gmt":"2026-03-15T02:45:08","slug":"intercambia-presidente-cubano-con-profesionales-de-la-prensa-en-su-dia","status":"publish","type":"post","link":"https:\/\/www.radiosanctispiritus.cu\/es\/intercambia-presidente-cubano-con-profesionales-de-la-prensa-en-su-dia\/","title":{"rendered":"Intercambia presidente cubano con profesionales de la prensa en su d\u00eda"},"content":{"rendered":"<p>Miguel D\u00edaz-Canel Berm\u00fadez, Primer Secretario del Comit\u00e9 Central del Partido Comunista de Cuba (PCC) y Presidente de la Rep\u00fablica, junto al miembro del Bur\u00f3 Pol\u00edtico y Secretario de Organizaci\u00f3n, Roberto Morales Ojeda, intercambiaron este s\u00e1bado con una representaci\u00f3n de profesionales de medios nacionales en el marco de la Jornada de la Prensa Cubana, inform\u00f3 el PCC en su perfil de Facebook.<\/p>\n<p>La ocasi\u00f3n fue propicia para dialogar sobre c\u00f3mo el sector convierte los retos en oportunidades y contin\u00faa ganando audiencias, estudiando y adoptando tendencias globales que le permitan estar en mejores condiciones para seguir defendiendo la verdad del pueblo cubano en un contexto marcado por una feroz guerra medi\u00e1tica.<\/p>\n<p>En el D\u00eda de la Prensa Cubana sostuve un encuentro, franco y aleccionador, con un grupo de profesionales de los medios que, como los de todo el pa\u00eds, enfrentan las adversidades para informar a nuestro pueblo.<\/p>\n<p>En sus palabras, el Primer Secretario los convid\u00f3 a seguir contando las historias de vida de la gente que, d\u00eda a d\u00eda, busca soluciones y encuentra el modo de sobreponerse a las dificultades. Tambi\u00e9n los inst\u00f3 a mantener la \u00e9tica y la verdad como premisa fundamental.<\/p>\n<p>Que la Prensa Cubana contin\u00fae a la altura de la Revoluci\u00f3n y del pueblo, exclam\u00f3 D\u00edaz Canel.<\/p>\n<p>El 14 de marzo se celebra el D\u00eda de la Prensa Cubana, en homenaje a la fundaci\u00f3n del peri\u00f3dico Patria por Jos\u00e9 Mart\u00ed, en esa fecha de 1892.<\/p>\n","protected":false},"excerpt":{"rendered":"<p>Miguel D\u00edaz-Canel Berm\u00fadez, Primer Secretario del Comit\u00e9 Central del Partido Comunista de Cuba (PCC) y Presidente de la Rep\u00fablica, junto al miembro del Bur\u00f3 Pol\u00edtico y Secretario de Organizaci\u00f3n, Roberto Morales Ojeda, intercambiaron este s\u00e1bado con una representaci\u00f3n de profesionales de medios nacionales en el marco de la Jornada de la Prensa Cubana.<\/p>\n","protected":false},"author":123,"featured_media":65138,"comment_status":"open","ping_status":"open","sticky":false,"template":"","format":"standard","meta":{"_acf_changed":false,"footnotes":""},"categories":[8,3],"tags":[715,28,167,164],"coauthors":[1895],"class_list":["post-65137","post","type-post","status-publish","format-standard","has-post-thumbnail","hentry","category-noticia","category-cuba","tag-dia-de-la-prensa-cubana","tag-miguel-diaz-canel","tag-periodistas","tag-prensa"],"acf":[],"_links":{"self":[{"href":"https:\/\/www.radiosanctispiritus.cu\/es\/wp-json\/wp\/v2\/posts\/65137","targetHints":{"allow":["GET"]}}],"collection":[{"href":"https:\/\/www.radiosanctispiritus.cu\/es\/wp-json\/wp\/v2\/posts"}],"about":[{"href":"https:\/\/www.radiosanctispiritus.cu\/es\/wp-json\/wp\/v2\/types\/post"}],"author":[{"embeddable":true,"href":"https:\/\/www.radiosanctispiritus.cu\/es\/wp-json\/wp\/v2\/users\/123"}],"replies":[{"embeddable":true,"href":"https:\/\/www.radiosanctispiritus.cu\/es\/wp-json\/wp\/v2\/comments?post=65137"}],"version-history":[{"count":1,"href":"https:\/\/www.radiosanctispiritus.cu\/es\/wp-json\/wp\/v2\/posts\/65137\/revisions"}],"predecessor-version":[{"id":65139,"href":"https:\/\/www.radiosanctispiritus.cu\/es\/wp-json\/wp\/v2\/posts\/65137\/revisions\/65139"}],"wp:featuredmedia":[{"embeddable":true,"href":"https:\/\/www.radiosanctispiritus.cu\/es\/wp-json\/wp\/v2\/media\/65138"}],"wp:attachment":[{"href":"https:\/\/www.radiosanctispiritus.cu\/es\/wp-json\/wp\/v2\/media?parent=65137"}],"wp:term":[{"taxonomy":"category","embeddable":true,"href":"https:\/\/www.radiosanctispiritus.cu\/es\/wp-json\/wp\/v2\/categories?post=65137"},{"taxonomy":"post_tag","embeddable":true,"href":"https:\/\/www.radiosanctispiritus.cu\/es\/wp-json\/wp\/v2\/tags?post=65137"},{"taxonomy":"author","embeddable":true,"href":"https:\/\/www.radiosanctispiritus.cu\/es\/wp-json\/wp\/v2\/coauthors?post=65137"}],"curies":[{"name":"wp","href":"https:\/\/api.w.org\/{rel}","templated":true}]}}