{"id":65114,"date":"2026-03-15T06:10:37","date_gmt":"2026-03-15T10:10:37","guid":{"rendered":"https:\/\/www.radiosanctispiritus.cu\/es\/?p=65114"},"modified":"2026-03-14T23:30:23","modified_gmt":"2026-03-15T03:30:23","slug":"instalacion-de-nuevos-modulos-ayudara-a-aliviar-presion-sobre-sistema-electrico-nacional","status":"publish","type":"post","link":"https:\/\/www.radiosanctispiritus.cu\/es\/instalacion-de-nuevos-modulos-ayudara-a-aliviar-presion-sobre-sistema-electrico-nacional\/","title":{"rendered":"Instalaci\u00f3n de nuevos m\u00f3dulos ayudar\u00e1 a aliviar presi\u00f3n sobre Sistema El\u00e9ctrico Nacional"},"content":{"rendered":"<p>Los cerca de 115 m\u00f3dulos fotovoltaicos que ya se instalan en centros vitales de la provincia de Sancti Sp\u00edritus generar\u00e1n unos 300 kWh al mes cada uno, una capacidad que garantizar\u00e1 mayor estabilidad en servicios esenciales en medio del complejo escenario electroenerg\u00e9tico que vive el pa\u00eds.<\/p>\n<p>De acuerdo con Dar\u00edo Pe\u00f1a Cuenca, director comercial de la Empresa El\u00e9ctrica Sancti Sp\u00edritus, la incorporaci\u00f3n progresiva de estos sistemas solares no solo disminuye la dependencia de la red nacional, sino que tambi\u00e9n apuesta por la de fuentes renovables de energ\u00eda.<\/p>\n<p>\u00abEstos m\u00f3dulos ser\u00edan para los aspectos b\u00e1sicos de estos locales que estamos hablando, son m\u00f3dulos de 2 kW de potencia que aproximadamente generar\u00edan 10 kWh de energ\u00eda al d\u00eda y 300 kWh mensuales y efectivamente es para las luces, algunos ventiladores, alg\u00fan sistema de computaci\u00f3n en las oficinas que pueda dar, pero que da para lo b\u00e1sico que tambi\u00e9n sin duda alguna va a cambiar la vitalidad y la vida de estos locales\u00bb.<\/p>\n<p>En palabras del director comercial de la Empresa El\u00e9ctrica Sancti Sp\u00edritus, la protecci\u00f3n a determinados circuitos se mantiene hoy en aras de garantizar el funcionamiento de instituciones vitales, mientras la instalaci\u00f3n de los nuevos m\u00f3dulos fotovoltaicos avanza como una alternativa que, de forma gradual, ayudar\u00e1 a aliviar la presi\u00f3n sobre el Sistema El\u00e9ctrico Nacional.<\/p>\n<p><iframe src=\"https:\/\/www.ivoox.com\/player_ej_170093572_6_1.html?c1=7a0d0b\" width=\"100%\" height=\"200\" frameborder=\"0\" scrolling=\"no\" allowfullscreen=\"allowfullscreen\"><\/iframe><\/p>\n","protected":false},"excerpt":{"rendered":"<p>Los cerca de 115 m\u00f3dulos fotovoltaicos que ya se instalan en centros vitales de la provincia de Sancti Sp\u00edritus generar\u00e1n unos 300 kWh al mes cada uno, una capacidad que garantizar\u00e1 mayor estabilidad en servicios esenciales en medio del complejo escenario electroenerg\u00e9tico que vive el pa\u00eds.<\/p>\n","protected":false},"author":29,"featured_media":65141,"comment_status":"open","ping_status":"open","sticky":false,"template":"","format":"standard","meta":{"_acf_changed":false,"footnotes":""},"categories":[8,16,9,1],"tags":[35,1200,673,541],"coauthors":[1856],"class_list":["post-65114","post","type-post","status-publish","format-standard","has-post-thumbnail","hentry","category-noticia","category-economia","category-en-audio","category-sancti-spiritus","tag-apagones","tag-energia-fotovoltaica","tag-energia-renovable","tag-sistema-electroenergetico-nacional"],"acf":[],"_links":{"self":[{"href":"https:\/\/www.radiosanctispiritus.cu\/es\/wp-json\/wp\/v2\/posts\/65114","targetHints":{"allow":["GET"]}}],"collection":[{"href":"https:\/\/www.radiosanctispiritus.cu\/es\/wp-json\/wp\/v2\/posts"}],"about":[{"href":"https:\/\/www.radiosanctispiritus.cu\/es\/wp-json\/wp\/v2\/types\/post"}],"author":[{"embeddable":true,"href":"https:\/\/www.radiosanctispiritus.cu\/es\/wp-json\/wp\/v2\/users\/29"}],"replies":[{"embeddable":true,"href":"https:\/\/www.radiosanctispiritus.cu\/es\/wp-json\/wp\/v2\/comments?post=65114"}],"version-history":[{"count":3,"href":"https:\/\/www.radiosanctispiritus.cu\/es\/wp-json\/wp\/v2\/posts\/65114\/revisions"}],"predecessor-version":[{"id":65118,"href":"https:\/\/www.radiosanctispiritus.cu\/es\/wp-json\/wp\/v2\/posts\/65114\/revisions\/65118"}],"wp:featuredmedia":[{"embeddable":true,"href":"https:\/\/www.radiosanctispiritus.cu\/es\/wp-json\/wp\/v2\/media\/65141"}],"wp:attachment":[{"href":"https:\/\/www.radiosanctispiritus.cu\/es\/wp-json\/wp\/v2\/media?parent=65114"}],"wp:term":[{"taxonomy":"category","embeddable":true,"href":"https:\/\/www.radiosanctispiritus.cu\/es\/wp-json\/wp\/v2\/categories?post=65114"},{"taxonomy":"post_tag","embeddable":true,"href":"https:\/\/www.radiosanctispiritus.cu\/es\/wp-json\/wp\/v2\/tags?post=65114"},{"taxonomy":"author","embeddable":true,"href":"https:\/\/www.radiosanctispiritus.cu\/es\/wp-json\/wp\/v2\/coauthors?post=65114"}],"curies":[{"name":"wp","href":"https:\/\/api.w.org\/{rel}","templated":true}]}}