{"id":65107,"date":"2026-03-15T06:00:27","date_gmt":"2026-03-15T10:00:27","guid":{"rendered":"https:\/\/www.radiosanctispiritus.cu\/es\/?p=65107"},"modified":"2026-03-14T20:51:33","modified_gmt":"2026-03-15T00:51:33","slug":"la-protesta-mas-celebre-de-cuba","status":"publish","type":"post","link":"https:\/\/www.radiosanctispiritus.cu\/es\/la-protesta-mas-celebre-de-cuba\/","title":{"rendered":"La protesta m\u00e1s c\u00e9lebre de Cuba"},"content":{"rendered":"<p>Cada 15 de marzo, la historia de Cuba vuelve a detenerse en un momento decisivo de la lucha por la independencia: la Protesta de Baragu\u00e1 de 1878. Aquel gesto de firmeza del Mayor General Antonio Maceo frente al Pacto del Zanj\u00f3n se convirti\u00f3 en uno de los s\u00edmbolos m\u00e1s altos de dignidad y rebeld\u00eda del pueblo cubano.<\/p>\n<p>La Protesta de Baragu\u00e1 represent\u00f3 el rechazo de los mambises encabezados por Antonio Maceo a un acuerdo que no garantizaba la independencia de Cuba ni la abolici\u00f3n total de la esclavitud. En un momento en que muchos consideraban inevitable aceptar el pacto con Espa\u00f1a, Maceo expres\u00f3 con claridad la voluntad de continuar la lucha.<\/p>\n<p>Aquel episodio no fue solo un desacuerdo militar; fue la afirmaci\u00f3n de un principio: la independencia no pod\u00eda negociarse. Ese esp\u00edritu de intransigencia revolucionaria ha sido transmitido de generaci\u00f3n en generaci\u00f3n como una referencia \u00e9tica para la naci\u00f3n.<\/p>\n<p>Aunque distante del escenario de Baragu\u00e1, Sancti Sp\u00edritus tambi\u00e9n fue territorio de lucha durante las guerras por la independencia. Las monta\u00f1as del Escambray, los campos de la regi\u00f3n central y los caminos que cruzaban el territorio fueron testigos del paso de fuerzas mambisas y de combates decisivos.<\/p>\n<p>Historiadores locales se\u00f1alan que el esp\u00edritu de resistencia que simboliza Baragu\u00e1 encuentra paralelos en la historia espirituana. Figuras como Seraf\u00edn S\u00e1nchez, uno de los m\u00e1s destacados jefes militares de la regi\u00f3n central, encarnaron valores similares de firmeza y compromiso con la causa independentista, y en estos lares tuvo lugar tambi\u00e9n la protesta de Hornos de Cal, protagonizada por Ram\u00f3n Leocadio Bonachea.<\/p>\n<p>En ese sentido, la memoria de Baragu\u00e1 no se percibe como un hecho distante, sino como parte de una misma tradici\u00f3n patri\u00f3tica.<\/p>\n<p>En la ciudad de Sancti Sp\u00edritus y en varios municipios de la provincia, monumentos y sitios hist\u00f3ricos recuerdan las gestas de las guerras de independencia. Plazas, bustos y tarjas dedicadas a combatientes mambises forman parte del paisaje urbano y rural, con lo cual se recuerda que la libertad conquistada fue resultado de largos a\u00f1os de sacrificio.<\/p>\n<p>M\u00e1s all\u00e1 de los archivos y las vitrinas de museo, la historia tambi\u00e9n se preserva en la memoria oral. Investigadores y promotores culturales de la provincia han recogido testimonios, tradiciones familiares y relatos transmitidos de generaci\u00f3n en generaci\u00f3n.<\/p>\n<p><img decoding=\"async\" class=\"size-medium wp-image-65112 aligncenter\" src=\"https:\/\/www.radiosanctispiritus.cu\/es\/wp-content\/uploads\/protesta-baragua-1-600x333.jpg\" alt=\"\" width=\"600\" height=\"333\" srcset=\"https:\/\/www.radiosanctispiritus.cu\/es\/wp-content\/uploads\/protesta-baragua-1-600x333.jpg 600w, https:\/\/www.radiosanctispiritus.cu\/es\/wp-content\/uploads\/protesta-baragua-1-768x426.jpg 768w, https:\/\/www.radiosanctispiritus.cu\/es\/wp-content\/uploads\/protesta-baragua-1.jpg 800w\" sizes=\"(max-width: 600px) 100vw, 600px\" \/><\/p>\n<p>Estas historias, muchas veces narradas por descendientes de mambises o por estudiosos del patrimonio local, permiten comprender c\u00f3mo los acontecimientos del siglo XIX siguen influyendo en la identidad cultural del territorio.<\/p>\n<p>A lo largo del tiempo, Baragu\u00e1 se ha convertido en una met\u00e1fora de dignidad. En el imaginario nacional, el nombre evoca la capacidad de un pueblo para defender sus ideales incluso en circunstancias adversas.<\/p>\n<p><strong>Fuentes: Peri\u00f3dico Escambray, Cubas\u00ed, Radio Sancti Sp\u00edritus<\/strong><\/p>\n","protected":false},"excerpt":{"rendered":"<p>A m\u00e1s de un siglo de distancia, la Protesta de Baragu\u00e1 contin\u00faa siendo una referencia para comprender el esp\u00edritu de resistencia de los cubanos.<\/p>\n","protected":false},"author":4,"featured_media":65110,"comment_status":"open","ping_status":"open","sticky":false,"template":"","format":"standard","meta":{"_acf_changed":false,"footnotes":""},"categories":[8,3,1],"tags":[510],"coauthors":[1883],"class_list":["post-65107","post","type-post","status-publish","format-standard","has-post-thumbnail","hentry","category-noticia","category-cuba","category-sancti-spiritus","tag-historia"],"acf":[],"_links":{"self":[{"href":"https:\/\/www.radiosanctispiritus.cu\/es\/wp-json\/wp\/v2\/posts\/65107","targetHints":{"allow":["GET"]}}],"collection":[{"href":"https:\/\/www.radiosanctispiritus.cu\/es\/wp-json\/wp\/v2\/posts"}],"about":[{"href":"https:\/\/www.radiosanctispiritus.cu\/es\/wp-json\/wp\/v2\/types\/post"}],"author":[{"embeddable":true,"href":"https:\/\/www.radiosanctispiritus.cu\/es\/wp-json\/wp\/v2\/users\/4"}],"replies":[{"embeddable":true,"href":"https:\/\/www.radiosanctispiritus.cu\/es\/wp-json\/wp\/v2\/comments?post=65107"}],"version-history":[{"count":4,"href":"https:\/\/www.radiosanctispiritus.cu\/es\/wp-json\/wp\/v2\/posts\/65107\/revisions"}],"predecessor-version":[{"id":65113,"href":"https:\/\/www.radiosanctispiritus.cu\/es\/wp-json\/wp\/v2\/posts\/65107\/revisions\/65113"}],"wp:featuredmedia":[{"embeddable":true,"href":"https:\/\/www.radiosanctispiritus.cu\/es\/wp-json\/wp\/v2\/media\/65110"}],"wp:attachment":[{"href":"https:\/\/www.radiosanctispiritus.cu\/es\/wp-json\/wp\/v2\/media?parent=65107"}],"wp:term":[{"taxonomy":"category","embeddable":true,"href":"https:\/\/www.radiosanctispiritus.cu\/es\/wp-json\/wp\/v2\/categories?post=65107"},{"taxonomy":"post_tag","embeddable":true,"href":"https:\/\/www.radiosanctispiritus.cu\/es\/wp-json\/wp\/v2\/tags?post=65107"},{"taxonomy":"author","embeddable":true,"href":"https:\/\/www.radiosanctispiritus.cu\/es\/wp-json\/wp\/v2\/coauthors?post=65107"}],"curies":[{"name":"wp","href":"https:\/\/api.w.org\/{rel}","templated":true}]}}