{"id":65071,"date":"2026-03-15T06:02:13","date_gmt":"2026-03-15T10:02:13","guid":{"rendered":"https:\/\/www.radiosanctispiritus.cu\/es\/?p=65071"},"modified":"2026-03-14T20:52:02","modified_gmt":"2026-03-15T00:52:02","slug":"brisas-y-colores-del-veguerio","status":"publish","type":"post","link":"https:\/\/www.radiosanctispiritus.cu\/es\/brisas-y-colores-del-veguerio\/","title":{"rendered":"Brisas y colores del veguer\u00edo"},"content":{"rendered":"<p>La vista se empapa de un verde tierno, brillante, donde los contornos de cada hoja est\u00e1n perfectamente delineados.<\/p>\n<p>Los surcos derechos como sujetados a un cordel, de punta a punta. Y el olor, ese olor que embriaga, cada vez que los hombre con las antiqu\u00edsimas cuchillas, ejecutan los cortes sobre el tallo principal, para poco a poco mudar la plantaci\u00f3n hasta los cujes, donde el tabaco reci\u00e9n cosechado se acomoda para ser trasladado a los aposentos.<\/p>\n<div id=\"attachment_65079\" style=\"width: 610px\" class=\"wp-caption aligncenter\"><img decoding=\"async\" aria-describedby=\"caption-attachment-65079\" class=\"size-medium wp-image-65079\" src=\"https:\/\/www.radiosanctispiritus.cu\/es\/wp-content\/uploads\/q2-4-1-600x448.jpg\" alt=\"\" width=\"600\" height=\"448\" srcset=\"https:\/\/www.radiosanctispiritus.cu\/es\/wp-content\/uploads\/q2-4-1-600x448.jpg 600w, https:\/\/www.radiosanctispiritus.cu\/es\/wp-content\/uploads\/q2-4-1-1024x764.jpg 1024w, https:\/\/www.radiosanctispiritus.cu\/es\/wp-content\/uploads\/q2-4-1-768x573.jpg 768w, https:\/\/www.radiosanctispiritus.cu\/es\/wp-content\/uploads\/q2-4-1-1536x1146.jpg 1536w, https:\/\/www.radiosanctispiritus.cu\/es\/wp-content\/uploads\/q2-4-1-2048x1528.jpg 2048w\" sizes=\"(max-width: 600px) 100vw, 600px\" \/><p id=\"caption-attachment-65079\" class=\"wp-caption-text\">La cosecha, un suceso en marcha hoy en la geograf\u00eda espirituana. Fotos: Oscar Alfonso Sosa.<\/p><\/div>\n<p>Es la cosecha de tabaco, esa que por estos meses del a\u00f1o se hace presente en m\u00faltiples escenarios espirituanos, donde vegueros j\u00f3venes y experimentados hacen honor a un cultivo longevo, como esa ra\u00edz propia del del cubano.<\/p>\n<div id=\"attachment_65080\" style=\"width: 610px\" class=\"wp-caption aligncenter\"><img decoding=\"async\" aria-describedby=\"caption-attachment-65080\" class=\"wp-image-65080 size-medium\" src=\"https:\/\/www.radiosanctispiritus.cu\/es\/wp-content\/uploads\/q3-6-1-600x394.jpg\" alt=\"La sempiterna cuchilla, \u00fatil al paso de los tiempos y rebosada de tradiciones y herencia.\" width=\"600\" height=\"394\" srcset=\"https:\/\/www.radiosanctispiritus.cu\/es\/wp-content\/uploads\/q3-6-1-600x394.jpg 600w, https:\/\/www.radiosanctispiritus.cu\/es\/wp-content\/uploads\/q3-6-1-1024x672.jpg 1024w, https:\/\/www.radiosanctispiritus.cu\/es\/wp-content\/uploads\/q3-6-1-768x504.jpg 768w, https:\/\/www.radiosanctispiritus.cu\/es\/wp-content\/uploads\/q3-6-1-1536x1008.jpg 1536w, https:\/\/www.radiosanctispiritus.cu\/es\/wp-content\/uploads\/q3-6-1-2048x1344.jpg 2048w\" sizes=\"(max-width: 600px) 100vw, 600px\" \/><p id=\"caption-attachment-65080\" class=\"wp-caption-text\">La sempiterna cuchilla, \u00fatil al paso de los tiempos y rebosada de tradiciones y herencia.<\/p><\/div>\n<div id=\"attachment_65100\" style=\"width: 610px\" class=\"wp-caption aligncenter\"><img decoding=\"async\" aria-describedby=\"caption-attachment-65100\" class=\"size-medium wp-image-65100\" src=\"https:\/\/www.radiosanctispiritus.cu\/es\/wp-content\/uploads\/Vegas-q4-600x449.jpg\" alt=\"\" width=\"600\" height=\"449\" srcset=\"https:\/\/www.radiosanctispiritus.cu\/es\/wp-content\/uploads\/Vegas-q4-600x449.jpg 600w, https:\/\/www.radiosanctispiritus.cu\/es\/wp-content\/uploads\/Vegas-q4-1024x766.jpg 1024w, https:\/\/www.radiosanctispiritus.cu\/es\/wp-content\/uploads\/Vegas-q4-768x574.jpg 768w, https:\/\/www.radiosanctispiritus.cu\/es\/wp-content\/uploads\/Vegas-q4-1536x1148.jpg 1536w, https:\/\/www.radiosanctispiritus.cu\/es\/wp-content\/uploads\/Vegas-q4-2048x1531.jpg 2048w\" sizes=\"(max-width: 600px) 100vw, 600px\" \/><p id=\"caption-attachment-65100\" class=\"wp-caption-text\">Las vegas espirituanas revelan estas instant\u00e1neas.<\/p><\/div>\n<div id=\"attachment_65101\" style=\"width: 610px\" class=\"wp-caption aligncenter\"><img decoding=\"async\" aria-describedby=\"caption-attachment-65101\" class=\"size-medium wp-image-65101\" src=\"https:\/\/www.radiosanctispiritus.cu\/es\/wp-content\/uploads\/Vegas-q5-600x412.jpg\" alt=\"\" width=\"600\" height=\"412\" srcset=\"https:\/\/www.radiosanctispiritus.cu\/es\/wp-content\/uploads\/Vegas-q5-600x412.jpg 600w, https:\/\/www.radiosanctispiritus.cu\/es\/wp-content\/uploads\/Vegas-q5-1024x702.jpg 1024w, https:\/\/www.radiosanctispiritus.cu\/es\/wp-content\/uploads\/Vegas-q5-768x527.jpg 768w, https:\/\/www.radiosanctispiritus.cu\/es\/wp-content\/uploads\/Vegas-q5-1536x1054.jpg 1536w, https:\/\/www.radiosanctispiritus.cu\/es\/wp-content\/uploads\/Vegas-q5-2048x1405.jpg 2048w\" sizes=\"(max-width: 600px) 100vw, 600px\" \/><p id=\"caption-attachment-65101\" class=\"wp-caption-text\">As\u00ed se muestra el veguer\u00edo en estos tiempos de cosecha.<\/p><\/div>\n<div id=\"attachment_65102\" style=\"width: 610px\" class=\"wp-caption aligncenter\"><img decoding=\"async\" aria-describedby=\"caption-attachment-65102\" class=\"size-medium wp-image-65102\" src=\"https:\/\/www.radiosanctispiritus.cu\/es\/wp-content\/uploads\/Vegas-q6-600x413.jpg\" alt=\"\" width=\"600\" height=\"413\" srcset=\"https:\/\/www.radiosanctispiritus.cu\/es\/wp-content\/uploads\/Vegas-q6-600x413.jpg 600w, https:\/\/www.radiosanctispiritus.cu\/es\/wp-content\/uploads\/Vegas-q6-1024x705.jpg 1024w, https:\/\/www.radiosanctispiritus.cu\/es\/wp-content\/uploads\/Vegas-q6-768x529.jpg 768w, https:\/\/www.radiosanctispiritus.cu\/es\/wp-content\/uploads\/Vegas-q6-1536x1058.jpg 1536w, https:\/\/www.radiosanctispiritus.cu\/es\/wp-content\/uploads\/Vegas-q6-2048x1410.jpg 2048w\" sizes=\"(max-width: 600px) 100vw, 600px\" \/><p id=\"caption-attachment-65102\" class=\"wp-caption-text\">Los vegueros, seguidores de una tradici\u00f3n longeva.<\/p><\/div>\n<div id=\"attachment_65103\" style=\"width: 610px\" class=\"wp-caption aligncenter\"><img decoding=\"async\" aria-describedby=\"caption-attachment-65103\" class=\"size-medium wp-image-65103\" src=\"https:\/\/www.radiosanctispiritus.cu\/es\/wp-content\/uploads\/Vegas-q7-600x453.jpg\" alt=\"\" width=\"600\" height=\"453\" srcset=\"https:\/\/www.radiosanctispiritus.cu\/es\/wp-content\/uploads\/Vegas-q7-600x453.jpg 600w, https:\/\/www.radiosanctispiritus.cu\/es\/wp-content\/uploads\/Vegas-q7-1024x773.jpg 1024w, https:\/\/www.radiosanctispiritus.cu\/es\/wp-content\/uploads\/Vegas-q7-768x580.jpg 768w, https:\/\/www.radiosanctispiritus.cu\/es\/wp-content\/uploads\/Vegas-q7-1536x1160.jpg 1536w, https:\/\/www.radiosanctispiritus.cu\/es\/wp-content\/uploads\/Vegas-q7-2048x1547.jpg 2048w\" sizes=\"(max-width: 600px) 100vw, 600px\" \/><p id=\"caption-attachment-65103\" class=\"wp-caption-text\">Las plantaciones de tabaco regalan estas postales hoy.<\/p><\/div>\n<div id=\"attachment_65104\" style=\"width: 610px\" class=\"wp-caption aligncenter\"><img decoding=\"async\" aria-describedby=\"caption-attachment-65104\" class=\"size-medium wp-image-65104\" src=\"https:\/\/www.radiosanctispiritus.cu\/es\/wp-content\/uploads\/Vegas-q8-600x480.jpg\" alt=\"\" width=\"600\" height=\"480\" srcset=\"https:\/\/www.radiosanctispiritus.cu\/es\/wp-content\/uploads\/Vegas-q8-600x480.jpg 600w, https:\/\/www.radiosanctispiritus.cu\/es\/wp-content\/uploads\/Vegas-q8-1024x819.jpg 1024w, https:\/\/www.radiosanctispiritus.cu\/es\/wp-content\/uploads\/Vegas-q8-768x614.jpg 768w, https:\/\/www.radiosanctispiritus.cu\/es\/wp-content\/uploads\/Vegas-q8-1536x1228.jpg 1536w, https:\/\/www.radiosanctispiritus.cu\/es\/wp-content\/uploads\/Vegas-q8-2048x1638.jpg 2048w\" sizes=\"(max-width: 600px) 100vw, 600px\" \/><p id=\"caption-attachment-65104\" class=\"wp-caption-text\">El deshije, complicado y vital.<\/p><\/div>\n","protected":false},"excerpt":{"rendered":"<p>La vista se empapa de un verde tierno, brillante, donde los contornos de cada hoja est\u00e1n perfectamente delineados.<\/p>\n","protected":false},"author":15,"featured_media":65077,"comment_status":"open","ping_status":"open","sticky":false,"template":"","format":"standard","meta":{"_acf_changed":false,"footnotes":""},"categories":[8,16,11,1],"tags":[407,1581],"coauthors":[1884],"class_list":["post-65071","post","type-post","status-publish","format-standard","has-post-thumbnail","hentry","category-noticia","category-economia","category-fotorreportaje","category-sancti-spiritus","tag-tabaco","tag-vegas-de-tabaco"],"acf":[],"_links":{"self":[{"href":"https:\/\/www.radiosanctispiritus.cu\/es\/wp-json\/wp\/v2\/posts\/65071","targetHints":{"allow":["GET"]}}],"collection":[{"href":"https:\/\/www.radiosanctispiritus.cu\/es\/wp-json\/wp\/v2\/posts"}],"about":[{"href":"https:\/\/www.radiosanctispiritus.cu\/es\/wp-json\/wp\/v2\/types\/post"}],"author":[{"embeddable":true,"href":"https:\/\/www.radiosanctispiritus.cu\/es\/wp-json\/wp\/v2\/users\/15"}],"replies":[{"embeddable":true,"href":"https:\/\/www.radiosanctispiritus.cu\/es\/wp-json\/wp\/v2\/comments?post=65071"}],"version-history":[{"count":5,"href":"https:\/\/www.radiosanctispiritus.cu\/es\/wp-json\/wp\/v2\/posts\/65071\/revisions"}],"predecessor-version":[{"id":65105,"href":"https:\/\/www.radiosanctispiritus.cu\/es\/wp-json\/wp\/v2\/posts\/65071\/revisions\/65105"}],"wp:featuredmedia":[{"embeddable":true,"href":"https:\/\/www.radiosanctispiritus.cu\/es\/wp-json\/wp\/v2\/media\/65077"}],"wp:attachment":[{"href":"https:\/\/www.radiosanctispiritus.cu\/es\/wp-json\/wp\/v2\/media?parent=65071"}],"wp:term":[{"taxonomy":"category","embeddable":true,"href":"https:\/\/www.radiosanctispiritus.cu\/es\/wp-json\/wp\/v2\/categories?post=65071"},{"taxonomy":"post_tag","embeddable":true,"href":"https:\/\/www.radiosanctispiritus.cu\/es\/wp-json\/wp\/v2\/tags?post=65071"},{"taxonomy":"author","embeddable":true,"href":"https:\/\/www.radiosanctispiritus.cu\/es\/wp-json\/wp\/v2\/coauthors?post=65071"}],"curies":[{"name":"wp","href":"https:\/\/api.w.org\/{rel}","templated":true}]}}