{"id":65039,"date":"2026-03-14T05:40:00","date_gmt":"2026-03-14T09:40:00","guid":{"rendered":"https:\/\/www.radiosanctispiritus.cu\/es\/?p=65039"},"modified":"2026-03-13T16:28:18","modified_gmt":"2026-03-13T20:28:18","slug":"como-ensenar-matematicas-en-cuba-hoy","status":"publish","type":"post","link":"https:\/\/www.radiosanctispiritus.cu\/es\/como-ensenar-matematicas-en-cuba-hoy\/","title":{"rendered":"\u00bfC\u00f3mo ense\u00f1ar matem\u00e1ticas en Cuba hoy?"},"content":{"rendered":"<p>Cada 14 de marzo, estudiantes y profesores de todo el mundo celebran el D\u00eda Internacional de las Matem\u00e1ticas, una fecha que tambi\u00e9n coincide con el llamado D\u00eda de Pi, en referencia al c\u00e9lebre n\u00famero que representa la relaci\u00f3n entre la circunferencia de un c\u00edrculo y su di\u00e1metro. M\u00e1s all\u00e1 de la curiosidad matem\u00e1tica, la jornada se convierte en una oportunidad para reflexionar sobre la ense\u00f1anza de esta ciencia en las aulas cubanas, donde teor\u00eda, creatividad pedag\u00f3gica y retos pr\u00e1cticos conviven a diario.<\/p>\n<p>En escuelas urbanas y rurales de la provincia, la matem\u00e1tica sigue siendo una asignatura clave para la formaci\u00f3n integral de los estudiantes. Sin embargo, llevar conceptos abstractos como f\u00f3rmulas, ecuaciones o funciones al terreno de la comprensi\u00f3n cotidiana exige mucho m\u00e1s que un libro de texto.<\/p>\n<p><img decoding=\"async\" class=\"size-medium wp-image-65063 aligncenter\" src=\"https:\/\/www.radiosanctispiritus.cu\/es\/wp-content\/uploads\/estudiantes-en-clases-foto-jose-manuel-correa-800x525-1-600x394.jpg\" alt=\"\" width=\"600\" height=\"394\" srcset=\"https:\/\/www.radiosanctispiritus.cu\/es\/wp-content\/uploads\/estudiantes-en-clases-foto-jose-manuel-correa-800x525-1-600x394.jpg 600w, https:\/\/www.radiosanctispiritus.cu\/es\/wp-content\/uploads\/estudiantes-en-clases-foto-jose-manuel-correa-800x525-1-768x504.jpg 768w, https:\/\/www.radiosanctispiritus.cu\/es\/wp-content\/uploads\/estudiantes-en-clases-foto-jose-manuel-correa-800x525-1.jpg 800w\" sizes=\"(max-width: 600px) 100vw, 600px\" \/><\/p>\n<p>En una secundaria b\u00e1sica, la clase comienza con un c\u00edrculo dibujado en la pizarra. El profesor pregunta a los alumnos qu\u00e9 relaci\u00f3n creen que existe entre el di\u00e1metro y la circunferencia. La respuesta conduce inevitablemente a la constante matem\u00e1tica conocida como Pi. Pero el objetivo no es que los estudiantes memoricen una cifra interminable 3,141592 sino que comprendan su significado y utilidad.<\/p>\n<p>Las matem\u00e1ticas no se aprenden solo repitiendo f\u00f3rmulas comenta un docente con varios a\u00f1os de experiencia. Hay que encontrar maneras de conectar la teor\u00eda con la vida cotidiana.<\/p>\n<p>Para ello, muchos profesores recurren a ejemplos pr\u00e1cticos: medir objetos circulares del aula, calcular \u00e1reas de espacios conocidos o utilizar materiales sencillos que permitan visualizar los conceptos.<\/p>\n<p><img decoding=\"async\" class=\"size-full wp-image-65066 aligncenter\" src=\"https:\/\/www.radiosanctispiritus.cu\/es\/wp-content\/uploads\/7016-fotografia-g.jpg\" alt=\"\" width=\"425\" height=\"282\" \/><\/p>\n<p>Las condiciones en que se ense\u00f1a matem\u00e1ticas pueden variar considerablemente entre escuelas urbanas y rurales. Mientras algunos centros cuentan con laboratorios de computaci\u00f3n o recursos audiovisuales que apoyan la explicaci\u00f3n de contenidos, otros dependen fundamentalmente de la pizarra, el cuaderno y la creatividad del maestro.<\/p>\n<p>En zonas rurales, por ejemplo, las aulas suelen tener menos estudiantes, lo que permite un trato m\u00e1s personalizado. Sin embargo, tambi\u00e9n existen limitaciones relacionadas con la disponibilidad de materiales did\u00e1cticos, el acceso a tecnolog\u00edas educativas y los recurrentes apagones.<\/p>\n<p>La ense\u00f1anza de las matem\u00e1ticas no se limita al dominio de operaciones o teoremas. Su objetivo principal es desarrollar habilidades de razonamiento l\u00f3gico, an\u00e1lisis y resoluci\u00f3n de problemas. Por eso, en muchas aulas se promueve el trabajo en equipo, la discusi\u00f3n de ejercicios y la b\u00fasqueda de soluciones diferentes para un mismo problema.<\/p>\n<p>En palabras de especialistas de la Educaci\u00f3n, aprender matem\u00e1ticas significa tambi\u00e9n aprender a pensar. Ese enfoque cobra especial importancia en la formaci\u00f3n de nuevas generaciones que deber\u00e1n enfrentar nuevos desaf\u00edos cient\u00edficos, tecnol\u00f3gicos y sociales.<\/p>\n<p><img decoding=\"async\" class=\"size-full wp-image-65067 aligncenter\" src=\"https:\/\/www.radiosanctispiritus.cu\/es\/wp-content\/uploads\/images-1-1.jpg\" alt=\"\" width=\"311\" height=\"162\" \/><\/p>\n<p>Celebrar el D\u00eda de las Matem\u00e1ticas en las escuelas cubanas no significa \u00fanicamente recordar un n\u00famero famoso o resolver problemas en el pizarr\u00f3n. Es, sobre todo, una oportunidad para reconocer el esfuerzo de docentes y estudiantes que cada d\u00eda enfrentan el desaf\u00edo de comprender y ense\u00f1ar una de las ciencias fundamentales del conocimiento humano.<\/p>\n<p>Fuentes: Revista Cubahora, Peri\u00f3dico Escambray, Radio Sancti Sp\u00edritus<\/p>\n","protected":false},"excerpt":{"rendered":"<p>Aunque las condiciones materiales puedan variar de una escuela a otra, hay algo que permanece constante: la convicci\u00f3n de que conocer sobre matem\u00e1ticas es tambi\u00e9n aprender a interpretar el mundo.<\/p>\n","protected":false},"author":4,"featured_media":65061,"comment_status":"open","ping_status":"open","sticky":false,"template":"","format":"standard","meta":{"_acf_changed":false,"footnotes":""},"categories":[8,14],"tags":[29,2197],"coauthors":[1883],"class_list":["post-65039","post","type-post","status-publish","format-standard","has-post-thumbnail","hentry","category-noticia","category-educacion","tag-educacion","tag-matematica"],"acf":[],"_links":{"self":[{"href":"https:\/\/www.radiosanctispiritus.cu\/es\/wp-json\/wp\/v2\/posts\/65039","targetHints":{"allow":["GET"]}}],"collection":[{"href":"https:\/\/www.radiosanctispiritus.cu\/es\/wp-json\/wp\/v2\/posts"}],"about":[{"href":"https:\/\/www.radiosanctispiritus.cu\/es\/wp-json\/wp\/v2\/types\/post"}],"author":[{"embeddable":true,"href":"https:\/\/www.radiosanctispiritus.cu\/es\/wp-json\/wp\/v2\/users\/4"}],"replies":[{"embeddable":true,"href":"https:\/\/www.radiosanctispiritus.cu\/es\/wp-json\/wp\/v2\/comments?post=65039"}],"version-history":[{"count":4,"href":"https:\/\/www.radiosanctispiritus.cu\/es\/wp-json\/wp\/v2\/posts\/65039\/revisions"}],"predecessor-version":[{"id":65062,"href":"https:\/\/www.radiosanctispiritus.cu\/es\/wp-json\/wp\/v2\/posts\/65039\/revisions\/65062"}],"wp:featuredmedia":[{"embeddable":true,"href":"https:\/\/www.radiosanctispiritus.cu\/es\/wp-json\/wp\/v2\/media\/65061"}],"wp:attachment":[{"href":"https:\/\/www.radiosanctispiritus.cu\/es\/wp-json\/wp\/v2\/media?parent=65039"}],"wp:term":[{"taxonomy":"category","embeddable":true,"href":"https:\/\/www.radiosanctispiritus.cu\/es\/wp-json\/wp\/v2\/categories?post=65039"},{"taxonomy":"post_tag","embeddable":true,"href":"https:\/\/www.radiosanctispiritus.cu\/es\/wp-json\/wp\/v2\/tags?post=65039"},{"taxonomy":"author","embeddable":true,"href":"https:\/\/www.radiosanctispiritus.cu\/es\/wp-json\/wp\/v2\/coauthors?post=65039"}],"curies":[{"name":"wp","href":"https:\/\/api.w.org\/{rel}","templated":true}]}}